{"id":6320,"date":"2018-08-29T18:53:02","date_gmt":"2018-08-29T18:53:02","guid":{"rendered":"http:\/\/cpsscba.org\/confluenciasvirtual\/?p=6320"},"modified":"2018-08-29T18:53:02","modified_gmt":"2018-08-29T18:53:02","slug":"ante-la-crisis-del-sistema-educativo-provocada-por-el-gobierno-nacional","status":"publish","type":"post","link":"https:\/\/cpsscba.org\/confluenciasvirtual\/?p=6320","title":{"rendered":"ANTE LA CRISIS DEL SISTEMA EDUCATIVO PROVOCADA POR EL GOBIERNO NACIONAL"},"content":{"rendered":"<p><strong>El Colegio de Profesionales en Servicio Social de la provincia de C\u00f3rdoba se pronuncia en los siguientes t\u00e9rminos:<\/strong><\/p>\n<p>Somos hijas e hijos de la Universidad p\u00fablica, gratuita y laica. En ella hemos abrevado para afirmar que el conocimiento es un bien p\u00fablico. Nuestro v\u00ednculo estrecho con los sectores vulnerados y empobrecidos, nos obliga a reiterar que la Universidad cumple un papel fundamental en la interpretaci\u00f3n y la proposici\u00f3n de soluciones fundamentadas, viables y deseables en torno a los graves problemas que afectan a nuestra sociedad. Hoy, nuevamente, ese papel est\u00e1 puesto en entredicho por los poderes f\u00e1cticos, que pretenden llevar adelante un proceso de mercantilizaci\u00f3n de la universidad p\u00fablica, negando a la educaci\u00f3n superior su condici\u00f3n de derecho fundamental.<\/p>\n<p><a href=\"http:\/\/cpsscba.org\/confluenciasvirtual\/wp-content\/uploads\/2018\/08\/40004226_1852351824877780_2741413668678795264_n.jpg\"><img loading=\"lazy\" decoding=\"async\" class=\"aligncenter size-full wp-image-6322\" src=\"http:\/\/cpsscba.org\/confluenciasvirtual\/wp-content\/uploads\/2018\/08\/40004226_1852351824877780_2741413668678795264_n.jpg\" alt=\"\" width=\"622\" height=\"960\" srcset=\"https:\/\/cpsscba.org\/confluenciasvirtual\/wp-content\/uploads\/2018\/08\/40004226_1852351824877780_2741413668678795264_n.jpg 622w, https:\/\/cpsscba.org\/confluenciasvirtual\/wp-content\/uploads\/2018\/08\/40004226_1852351824877780_2741413668678795264_n-194x300.jpg 194w\" sizes=\"(max-width: 622px) 100vw, 622px\" \/><\/a><\/p>\n<p>La pretensi\u00f3n de poner a las Universidades \u2013y por tanto al conocimiento- al servicio del mercado,va acompa\u00f1ada de la pretensi\u00f3n de su privatizaci\u00f3n, que requiere, para su concreci\u00f3n, la devaluaci\u00f3n de la universidad p\u00fablica. De ah\u00ed la restricci\u00f3n presupuestaria y la decisi\u00f3n de depreciar el salario de docentes y del personal de apoyo.<\/p>\n<p>Sin embargo no les resultar\u00e1 f\u00e1cil. La educaci\u00f3n p\u00fablica, gratuita y de excelencia es un bien valorado \u00a0no s\u00f3lo por la comunidad universitaria sino por la ciudadan\u00eda toda. La resistencia se prolonga y se multiplica.<\/p>\n<p>En este marco, el Colegio de Profesionales en Servicio Social de la provincia de C\u00f3rdoba reitera su compromiso hist\u00f3rico, y se manifiesta:<\/p>\n<p>&#8211;\u00a0\u00a0\u00a0\u00a0\u00a0\u00a0\u00a0\u00a0\u00a0 EN DEFENSA DE LA UNIVERSIDAD PUBLICA, GRATUITA, LAICA Y DE EXCELENCIA.<\/p>\n<p>&#8211;\u00a0\u00a0\u00a0\u00a0\u00a0\u00a0\u00a0\u00a0\u00a0 EN REPUDIO A LOS RECORTES PRESUPUESTARIOS.<\/p>\n<p>&#8211;\u00a0\u00a0\u00a0\u00a0\u00a0\u00a0\u00a0\u00a0\u00a0 POR SALARIOS DIGNOS PARA DOCENTES Y PERSONAL DE APOYO.<\/p>\n","protected":false},"excerpt":{"rendered":"<p>El Colegio de Profesionales en Servicio Social de la provincia de C\u00f3rdoba se pronuncia en los siguientes t\u00e9rminos: Somos hijas<\/p>\n","protected":false},"author":1,"featured_media":6321,"comment_status":"open","ping_status":"open","sticky":false,"template":"","format":"standard","meta":{"footnotes":""},"categories":[14],"tags":[],"_links":{"self":[{"href":"https:\/\/cpsscba.org\/confluenciasvirtual\/index.php?rest_route=\/wp\/v2\/posts\/6320"}],"collection":[{"href":"https:\/\/cpsscba.org\/confluenciasvirtual\/index.php?rest_route=\/wp\/v2\/posts"}],"about":[{"href":"https:\/\/cpsscba.org\/confluenciasvirtual\/index.php?rest_route=\/wp\/v2\/types\/post"}],"author":[{"embeddable":true,"href":"https:\/\/cpsscba.org\/confluenciasvirtual\/index.php?rest_route=\/wp\/v2\/users\/1"}],"replies":[{"embeddable":true,"href":"https:\/\/cpsscba.org\/confluenciasvirtual\/index.php?rest_route=%2Fwp%2Fv2%2Fcomments&post=6320"}],"version-history":[{"count":1,"href":"https:\/\/cpsscba.org\/confluenciasvirtual\/index.php?rest_route=\/wp\/v2\/posts\/6320\/revisions"}],"predecessor-version":[{"id":6323,"href":"https:\/\/cpsscba.org\/confluenciasvirtual\/index.php?rest_route=\/wp\/v2\/posts\/6320\/revisions\/6323"}],"wp:featuredmedia":[{"embeddable":true,"href":"https:\/\/cpsscba.org\/confluenciasvirtual\/index.php?rest_route=\/wp\/v2\/media\/6321"}],"wp:attachment":[{"href":"https:\/\/cpsscba.org\/confluenciasvirtual\/index.php?rest_route=%2Fwp%2Fv2%2Fmedia&parent=6320"}],"wp:term":[{"taxonomy":"category","embeddable":true,"href":"https:\/\/cpsscba.org\/confluenciasvirtual\/index.php?rest_route=%2Fwp%2Fv2%2Fcategories&post=6320"},{"taxonomy":"post_tag","embeddable":true,"href":"https:\/\/cpsscba.org\/confluenciasvirtual\/index.php?rest_route=%2Fwp%2Fv2%2Ftags&post=6320"}],"curies":[{"name":"wp","href":"https:\/\/api.w.org\/{rel}","templated":true}]}}