{"id":6265,"date":"2018-07-25T12:52:53","date_gmt":"2018-07-25T12:52:53","guid":{"rendered":"http:\/\/cpsscba.org\/confluenciasvirtual\/?p=6265"},"modified":"2018-07-25T12:54:18","modified_gmt":"2018-07-25T12:54:18","slug":"%f0%9f%9a%ab-ffaa-en-la-calle-nunca-mas-%f0%9f%9a%ab","status":"publish","type":"post","link":"https:\/\/cpsscba.org\/confluenciasvirtual\/?p=6265","title":{"rendered":"\u201cFFAA en la calle Nunca M\u00e1s\u201d"},"content":{"rendered":"<div data-contents=\"true\">\n<div class=\"\" data-block=\"true\" data-editor=\"29c56\" data-offset-key=\"d3vo9-0-0\">\n<div class=\"_1mf _1mj\" data-offset-key=\"d3vo9-0-0\"><strong>El CPSSPC manifiesta su m\u00e1s firme repudio al decreto 683\/18 del Poder Ejecutivo Nacional, que modifica el decreto 727\/06,\u00a0\u00a0y deroga el 1691\/06,\u00a0\u00a0toda vez que refleja la intencionalidad de dotar de blindaje jur\u00eddico a las posibles\u00a0acciones represoras, derivadas de las\u00a0actuales\u00a0pol\u00edticas macroecon\u00f3micas,\u00a0\u00a0y sus nefastas consecuencias para la gran mayor\u00eda de la sociedad argentina.<\/strong><\/div>\n<\/div>\n<div class=\"\" data-block=\"true\" data-editor=\"29c56\" data-offset-key=\"f7bq1-0-0\">\n<div class=\"_1mf _1mj\" data-offset-key=\"f7bq1-0-0\"><span data-offset-key=\"f7bq1-0-0\">\u00a0<\/span><\/div>\n<\/div>\n<div class=\"\" data-block=\"true\" data-editor=\"29c56\" data-offset-key=\"4j8io-0-0\">\n<div class=\"_1mf _1mj\" data-offset-key=\"4j8io-0-0\"><span data-offset-key=\"4j8io-0-0\">La normativa\u00a0\u00a0modifica los principales art\u00edculos del decreto 727\/06,\u00a0\u00a0\u00a0donde se\u00a0especifican\u00a0las causales para la intervenci\u00f3n de las FFAA,\u00a0\u00a0que se limitan\u00a0\u00a0a repeler las\u00a0\u00a0agresiones externas a la soberan\u00eda nacional, fijando\u00a0s\u00f3lo las\u00a0de origen externo perpetradas por fuerzas armadas de otros estados.\u00a0\u00a0El nuevo decreto\u00a0es lo suficientemente ambiguo como para permitir el uso de las FFAA ante agresiones\u00a0de origen externo,\u00a0dejando libre\u00a0\u00a0interpretaci\u00f3n al momento de actuar (\u201c\u2026uso de las FFAA ante agresiones\u00a0de origen externo,\u00a0que tengan su impacto en la\u00a0\u00a0soberan\u00eda, la integridad territorial o la independencia pol\u00edtica de\u00a0la REP\u00daBLICA ARGENTINA; la vida y la libertad de sus habitantes, o ante cualquier otra forma de agresi\u00f3n externa que sea incompatible con\u00a0la Carta\u00a0de las Naciones Unidas,\u2026\u201d).<\/span><\/div>\n<\/div>\n<div class=\"\" data-block=\"true\" data-editor=\"29c56\" data-offset-key=\"btdk7-0-0\">\n<div class=\"_1mf _1mj\" data-offset-key=\"btdk7-0-0\"><span data-offset-key=\"btdk7-0-0\">\u00a0<\/span><\/div>\n<\/div>\n<div class=\"\" data-block=\"true\" data-editor=\"29c56\" data-offset-key=\"64aua-0-0\">\n<div class=\"_1mf _1mj\" data-offset-key=\"64aua-0-0\"><span data-offset-key=\"64aua-0-0\">Tambi\u00e9n modifica del art. 3\u00b0, donde se establec\u00eda puntualmente que \u201cEl Sistema de Defensa Nacional no podr\u00e1 contemplar en su formulaci\u00f3n doctrinaria (\u2026) en las actividades relativas a la producci\u00f3n de inteligencia, hip\u00f3tesis, supuestos y\/o situaciones pertenecientes al \u00e1mbito de la seguridad interior\u2026\u201d;\u00a0permitiendo\u00a0 actualmente, injerencias altamente peligrosas para la vida social, pol\u00edtica, institucional e individual de lxs ciudadanxs, sobre todo cuando en los fundamentos se expresa que las FFAA intervendr\u00e1n\u00a0en\u00a0\u00a0la resoluci\u00f3n del conflicto en toda su gama, desde la crisis hasta la guerra o el conflicto armado internacional, seg\u00fan lo disponga el PODER EJECUTIVO NACIONAL.<\/span><\/div>\n<\/div>\n<div class=\"\" data-block=\"true\" data-editor=\"29c56\" data-offset-key=\"4urga-0-0\">\n<div class=\"_1mf _1mj\" data-offset-key=\"4urga-0-0\"><span data-offset-key=\"4urga-0-0\">\u00a0<\/span><\/div>\n<\/div>\n<div class=\"\" data-block=\"true\" data-editor=\"29c56\" data-offset-key=\"fqvh3-0-0\">\n<div class=\"_1mf _1mj\" data-offset-key=\"fqvh3-0-0\"><span data-offset-key=\"fqvh3-0-0\"><strong>Desde este Colegio de Profesionales defendemos la separaci\u00f3n entre Defensa y Seguridad Interior, premisa respetada por todos los gobiernos democr\u00e1ticos a la luz de la triste lecci\u00f3n aprendida en los a\u00f1os de dictadura y pagada con 30.000 desaparecidxs, robos y secuestro<\/strong>s.<\/span><\/div>\n<\/div>\n<div class=\"\" data-block=\"true\" data-editor=\"29c56\" data-offset-key=\"9q6rc-0-0\">\n<div class=\"_1mf _1mj\" data-offset-key=\"9q6rc-0-0\"><span data-offset-key=\"9q6rc-0-0\">\u00a0<\/span><\/div>\n<\/div>\n<div class=\"\" data-block=\"true\" data-editor=\"29c56\" data-offset-key=\"7121m-0-0\">\n<div class=\"_1mf _1mj\" data-offset-key=\"7121m-0-0\"><strong>Es por ello que convocamos a todxs lxs Trabajadorxs Sociales a manifestarnos este jueves 26\/7 a las 18 Hs. En 27 de Abril esq. V\u00e9lez S\u00e1rsfield, bajo las consignas: <\/strong><\/div>\n<\/div>\n<div class=\"\" data-block=\"true\" data-editor=\"29c56\" data-offset-key=\"8mioj-0-0\">\n<ul>\n<li class=\"_1mf _1mj\" data-offset-key=\"8mioj-0-0\"><strong>\u201cFFAA en la calle Nunca M\u00e1s\u201d.<\/strong>\n<div class=\"_1mf _1mj\" data-offset-key=\"42ipv-0-0\"><\/div>\n<\/li>\n<li class=\"_1mf _1mj\" data-offset-key=\"8mioj-0-0\">\n<div class=\"_1mf _1mj\" data-offset-key=\"42ipv-0-0\"><strong>\u201cFFAA represivas Nunca M\u00e1s\u201d.\u00a0<\/strong><\/div>\n<\/li>\n<\/ul>\n<\/div>\n<div class=\"\" data-block=\"true\" data-editor=\"29c56\" data-offset-key=\"bc2ae-0-0\">\n<div class=\"_1mf _1mj\" data-offset-key=\"bc2ae-0-0\"><span data-offset-key=\"bc2ae-0-0\">\u00a0<\/span><\/div>\n<\/div>\n<div class=\"\" data-block=\"true\" data-editor=\"29c56\" data-offset-key=\"alj75-0-0\">\n<div class=\"_1mf _1mj\" style=\"text-align: center;\" data-offset-key=\"alj75-0-0\"><strong>Colegio de Profesionales en Servicio Social de la Provincia de C\u00f3rdoba<\/strong><\/div>\n<\/div>\n<div class=\"\" data-block=\"true\" data-editor=\"29c56\" data-offset-key=\"dcr75-0-0\">\n<div class=\"_1mf _1mj\" data-offset-key=\"dcr75-0-0\"><span data-offset-key=\"dcr75-0-0\">\u00a0<\/span><\/div>\n<\/div>\n<div class=\"\" data-block=\"true\" data-editor=\"29c56\" data-offset-key=\"d5ji4-0-0\">\n<div class=\"_1mf _1mj\" style=\"text-align: right;\" data-offset-key=\"d5ji4-0-0\"><em>C\u00f3rdoba, 24 de Julio 2018.-<\/em><\/div>\n<\/div>\n<\/div>\n","protected":false},"excerpt":{"rendered":"<p>El CPSSPC manifiesta su m\u00e1s firme repudio al decreto 683\/18 del Poder Ejecutivo Nacional, que modifica el decreto 727\/06,\u00a0\u00a0y deroga<\/p>\n","protected":false},"author":1,"featured_media":6266,"comment_status":"open","ping_status":"open","sticky":false,"template":"","format":"standard","meta":{"footnotes":""},"categories":[44,14],"tags":[],"_links":{"self":[{"href":"https:\/\/cpsscba.org\/confluenciasvirtual\/index.php?rest_route=\/wp\/v2\/posts\/6265"}],"collection":[{"href":"https:\/\/cpsscba.org\/confluenciasvirtual\/index.php?rest_route=\/wp\/v2\/posts"}],"about":[{"href":"https:\/\/cpsscba.org\/confluenciasvirtual\/index.php?rest_route=\/wp\/v2\/types\/post"}],"author":[{"embeddable":true,"href":"https:\/\/cpsscba.org\/confluenciasvirtual\/index.php?rest_route=\/wp\/v2\/users\/1"}],"replies":[{"embeddable":true,"href":"https:\/\/cpsscba.org\/confluenciasvirtual\/index.php?rest_route=%2Fwp%2Fv2%2Fcomments&post=6265"}],"version-history":[{"count":3,"href":"https:\/\/cpsscba.org\/confluenciasvirtual\/index.php?rest_route=\/wp\/v2\/posts\/6265\/revisions"}],"predecessor-version":[{"id":6269,"href":"https:\/\/cpsscba.org\/confluenciasvirtual\/index.php?rest_route=\/wp\/v2\/posts\/6265\/revisions\/6269"}],"wp:featuredmedia":[{"embeddable":true,"href":"https:\/\/cpsscba.org\/confluenciasvirtual\/index.php?rest_route=\/wp\/v2\/media\/6266"}],"wp:attachment":[{"href":"https:\/\/cpsscba.org\/confluenciasvirtual\/index.php?rest_route=%2Fwp%2Fv2%2Fmedia&parent=6265"}],"wp:term":[{"taxonomy":"category","embeddable":true,"href":"https:\/\/cpsscba.org\/confluenciasvirtual\/index.php?rest_route=%2Fwp%2Fv2%2Fcategories&post=6265"},{"taxonomy":"post_tag","embeddable":true,"href":"https:\/\/cpsscba.org\/confluenciasvirtual\/index.php?rest_route=%2Fwp%2Fv2%2Ftags&post=6265"}],"curies":[{"name":"wp","href":"https:\/\/api.w.org\/{rel}","templated":true}]}}