{"id":5865,"date":"2018-01-06T23:51:08","date_gmt":"2018-01-06T23:51:08","guid":{"rendered":"http:\/\/cpsscba.org\/confluenciasvirtual\/?p=5865"},"modified":"2018-01-10T04:17:57","modified_gmt":"2018-01-10T04:17:57","slug":"bibliografia-de-examen-unico-de-residencia-de-trabajo-social-2018","status":"publish","type":"post","link":"https:\/\/cpsscba.org\/confluenciasvirtual\/?p=5865","title":{"rendered":"BIBLIOGRAF\u00cdA DE EXAMEN \u00daNICO DE RESIDENCIA DE TRABAJO SOCIAL- 2018"},"content":{"rendered":"<p><strong>ACEVEDO, Patricia <\/strong>(2006): La organizaci\u00f3n como construcci\u00f3n colectiva y alternativas para resolver problemas y satisfacer necesidades. Ficha de C\u00e1tedra Teor\u00eda, Espacio y Estrategias de Intervenci\u00f3n II. Licenciatura en Trabajo Social. FCS. UNC.<strong><br \/>\n<\/strong><\/p>\n<p><strong>ACEVEDO, Patricia<\/strong> (2014): Revisiones necesarias y urgentes en torno a los sujetos de la intervenci\u00f3n profesional: \u00bfmerecedores de ayuda o titulares de derechos? En Derechos, pol\u00edticas sociales y problem\u00e1ticas contempor\u00e1neas, en Susana Cazzaniga (directora). EDUNER. Ficha de C\u00e1tedra Teor\u00eda, Espacio y Estrategias de Intervenci\u00f3n II.\u00a0 Licenciatura en Trabajo Social. FCS. UNC.<\/p>\n<p><strong>ACEVEDO, Patricia y <\/strong><strong>AQUIN, Nora<\/strong> (2000): Desde la comunidad hacia el espacio poblacional. Ponencia presentada en el Encuentro de Investigadores en tem\u00e1ticas urbanas: Lo urbano en el pensamiento social. Instituto Gino Germani. C\u00e1tedra Teor\u00eda, Espacio y Estrategias de Intervenci\u00f3n II.\u00a0 Licenciatura en Trabajo Social. FCS. UNC.<\/p>\n<p><strong>ALDAY, Mar\u00eda A. y Otros <\/strong>(2013): El Trabajo Social en el Servicio de Justicia. Aportes desde y para la Intervenci\u00f3n. C\u00e1p. VII: Violencia en la Familia y Cap. IX El Fin del Comienzo. C\u00e1tedra de Derecho y Constituci\u00f3n de las Instituciones y Seminario de Derechos Espec\u00edficos. Licenciatura en Trabajo Social. FCS. UNC.<\/p>\n<p><strong>AQUIN, Nora <em>et al<\/em><\/strong> (2014) La relaci\u00f3n sujeto \u2013 objeto en Trabajo Social. Una resignifcaci\u00f3n posible. Teor\u00eda, Espacio y Estrategias de Intervenci\u00f3n II. Apuntes de C\u00e1tedra. Escuela de Trabajo Social. UNC. Disponible en: <a href=\"http:\/\/www.ts.ucr.ac.cr\/binarios\/pela\/pl-000139.pdf\">http:\/\/www.ts.ucr.ac.cr\/binarios\/pela\/pl-000139.pdf<\/a>.<\/p>\n<p><strong>AQUIN, Nora<\/strong> (2000): La Actualidad del Trabajo Social: Neo filantrop\u00eda o Ciudadan\u00eda, en <em>Revista Confluencias. <\/em>Colegio de Profesionales de Servicio Social de la Provincia de C\u00f3rdoba. A\u00f1o 8. N\u00b035.<\/p>\n<p><strong>AQUIN, Nora<\/strong> (1995): Acerca del Objeto del Trabajo Social en <em>Revista Acto Social<\/em>, A\u00f1o IV, N\u00b010.\u00a0 Febrero. <strong>Pp. 21-30<\/strong>. C\u00e1tedra Teor\u00eda de la Intervenci\u00f3n y Trabajo Social<strong><em>. <\/em><\/strong>Licenciatura en Trabajo Social. FCS. UNC.<\/p>\n<p><strong>ARRIAGADA, I.<\/strong> (2001): Familias latinoamericanas. Diagn\u00f3stico y pol\u00edticas p\u00fablicas en los inicios del nuevo siglo. Apartado I. Modernizaci\u00f3n, Modernidad y Familia (<strong>p\u00e1g. 11-15).<\/strong> Publicaci\u00f3n de las Naciones Unidas CEPAL ECLAC. Divisi\u00f3n de Desarrollo Social. Santiago de Chile. Disponible en: <a href=\"http:\/\/archivo.cepal.org\/pdfs\/2001\/S01121052.pdf\">http:\/\/archivo.cepal.org\/pdfs\/2001\/S01121052.pdf<\/a><\/p>\n<p><strong>BOURDIEU, Pierre<\/strong> (1997): <em>Razones Pr\u00e1cticas. Sobre la Teor\u00eda de la Acci\u00f3n<\/em>\u201d. Anagrama. Barcelona. <strong>Pp. 91-138.<\/strong> Disponible en: <a href=\"http:\/\/epistemh.pbworks.com\/f\/9.%2BBourdieu%2BRazones%2BPr%C3%A1cticas.pdf\">http:\/\/epistemh.pbworks.com\/f\/9.%2BBourdieu%2BRazones%2BPr%C3%A1cticas.pdf<\/a><\/p>\n<p><strong>BOURDIEU, <\/strong><strong>Pierre <\/strong><strong>y WACQUANT, Lo\u00efc <\/strong>(1995): Respuestas. Por una Antropolog\u00eda Reflexiva. Editorial Grijalbo. M\u00e9xico<strong>. <\/strong><strong>Pp. 41-99. <\/strong>Disponible en: <a href=\"https:\/\/es.scribd.com\/doc\/221282110\/151992202-Respuestas-Por-Una-Antropologia-Reflexiva-Pierre-Bourdieu\">https:\/\/es.scribd.com\/doc\/221282110\/151992202-Respuestas-Por-Una-Antropologia-Reflexiva-Pierre-Bourdieu<\/a><\/p>\n<p><strong>BOURDIEU, <\/strong><strong>Pierre<\/strong> (1976): El Oficio de Soci\u00f3logo. Siglo XXI. Canillas. <strong>Pp. 27-81<\/strong>. Disponible en: <a href=\"http:\/\/www.reduii.org\/cii\/sites\/default\/files\/field\/doc\/Bourdieu%20Pierre%20-%20El%20Oficio%20De%20Sociologo.PDF\">http:\/\/www.reduii.org\/cii\/sites\/default\/files\/field\/doc\/Bourdieu%20Pierre%20-%20El%20Oficio%20De%20Sociologo.PDF<\/a><\/p>\n<p><strong>BURIJOVICH, Jacinta y ASSE, Iv\u00e1n<\/strong> (2000): La Reforma del Sector Salud en C\u00f3rdoba. El Naufragio de un Piloto de Tormentas, en <em>Administraci\u00f3n P\u00fablica y Sociedad<\/em>. Instituto de Investigaci\u00f3n y Formaci\u00f3n en Administraci\u00f3n P\u00fablica (IIFAP), N\u00b013. UNC. C\u00f3rdoba. Disponible en: <a href=\"http:\/\/www.iifap.unc.edu.ar\/imagenes\/revistas\/13\/la_reforma.pdf\">http:\/\/www.iifap.unc.edu.ar\/imagenes\/revistas\/13\/la_reforma.pdf<\/a>.<\/p>\n<p><strong>CARBALLEDA Alfredo <\/strong>(2012): La intervenci\u00f3n del Trabajo Social en el campo de la salud mental. Algunos interrogantes y perspectivas, en <em>Revista Margen, <\/em>N\u00ba 65, julio. Disponible en: <a href=\"http:\/\/www.margen.org\/suscri\/margen65\/carballeda.pdf\">http:\/\/www.margen.org\/suscri\/margen65\/carballeda.pdf<\/a>.<\/p>\n<p><strong>CARBALLEDA<\/strong>, <strong>Alfredo<\/strong> (2005): La Intervenci\u00f3n Hoy. Del Orden de los Cuerpos a la Fragmentaci\u00f3n de la Sociedad <strong>(C\u00e1p. 6).<\/strong> En Alfredo Carballeda \u201c<em>Del Orden de los Cuerpos a la fragmentaci\u00f3n de la Sociedad<\/em>\u201d. Tesis de Doctorado en Servicio Social. Pontificia Universidad Cat\u00f3lica de San Pablo. Disponible en: <a href=\"https:\/\/sapientia.pucsp.br\/bitstream\/handle\/17651\/1\/AlfredoCarballeda.pdf\">https:\/\/sapientia.pucsp.br\/bitstream\/handle\/17651\/1\/AlfredoCarballeda.pdf<\/a><\/p>\n<p><strong>CASTEL, Robert<\/strong> (1991): La Din\u00e1mica de los Procesos de Marginalizaci\u00f3n. De la Vulnerabilidad a la Exclusi\u00f3n, en\u00a0<em>Revista Top\u00eda,\u00a0<\/em>A\u00f1o 1, N\u00ba II.<strong><br \/>\n<\/strong><\/p>\n<p><strong>CAZZANIGA Susana<\/strong> (2005): Puentes y Giros para Asomarse al Oficio, en <em>Cuadernillo Utop\u00eda. <\/em>A\u00f1o VIII, N\u00ba 12. Disponible en: <a href=\"http:\/\/www.fts.uner.edu.ar\/catedras03\/his_interv_social\/producc\/puentes_giros.pdf\">http:\/\/www.fts.uner.edu.ar\/catedras03\/his_interv_social\/producc\/puentes_giros.pdf<\/a><\/p>\n<p><strong>CEPAL (2000)<\/strong>: Pobreza y Vulnerabilidad Social <strong>(Cap\u00edtulo I)<\/strong> en <em>Panorama Social de Am\u00e9rica Latina 1999-2000<\/em>. <em>Revista CEPAL<\/em>. Naciones Unidas. Disponible en: <a href=\"http:\/\/repositorio.cepal.org\/bitstream\/handle\/11362\/1256\/S004367_es.pdf;jsessionid=89DCC35D03F6202A3D354E6A65B135A5?sequence=1\">http:\/\/repositorio.cepal.org\/bitstream\/handle\/11362\/1256\/S004367_es.pdf;jsessionid=89DCC35D03F6202A3D354E6A65B135A5?sequence=1<\/a><\/p>\n<p><strong>COLEGIO DE PROFESIONALES DE SERVICIO SOCIAL DE LA PROVINCIA DE CORDOBA:<\/strong> C\u00f3digo de \u00c9tica. C\u00f3rdoba. Disponible en: <a href=\"http:\/\/www.cpsscba.org\/principales\/codigo%20de%20etica-08.pdf\">http:\/\/www.cpsscba.org\/principales\/codigo%20de%20etica-08.pdf<\/a><\/p>\n<p><strong>CONVENCI\u00d3N SOBRE LOS DERECHOS DEL NI\u00d1O<\/strong>. Ley Nacional N\u00ba 23.849. 1990. Rep\u00fablica Argentina. Disponible en: http: \/\/www.unicef.org\/argentina\/spanish\/ar_insumos_MNcdn.pdf.<\/p>\n<p><strong>COSTA, Ricardo<\/strong> (1997): Las Estrategias de Intervenci\u00f3n como Teor\u00edas de la Acci\u00f3n en Acci\u00f3n, en <em>Revista<\/em> <em>Acto Social<\/em>, A\u00f1o V, N\u00ba 17, C\u00f3rdoba. C\u00e1tedra Teor\u00eda de la Intervenci\u00f3n y Trabajo Social<strong><em>. <\/em><\/strong>Licenciatura en Trabajo Social. FCS. UNC.<\/p>\n<p><strong>CUSTO, Esther<\/strong> (2000): Subjetividad y Ciudadan\u00eda. Un desaf\u00edo y un Compromiso para el Trabajo Social a Fin de Siglo, en <em>Revista Utop\u00edas<\/em>. Revista Facultad de Trabajo Social. UNER. A\u00f1o V, N\u00b0 7 agosto. Teor\u00eda, Espacios y Estrategias de Intervenci\u00f3n I (Grupal) &#8211; C\u00e1tedra: \u201cB\u201d. Licenciatura en Trabajo Social. FCS. UNC.<\/p>\n<p><strong>DE SOUSA SANTOS, Boaventura<\/strong> (2006): La Sociolog\u00eda de las Ausencias y la Sociolog\u00eda de las Emergencias: para una ecolog\u00eda de saberes (<strong>C\u00e1p. I<\/strong>), en Boaventura De Sousa Santos, <em>Renovar la Teor\u00eda Cr\u00edtica y Reinventar la Emancipaci\u00f3n Social<\/em>. Ed. Clacso Libros. Bs. As. Pp. 13 a 41. Disponible en: <a href=\"http:\/\/biblioteca.clacso.edu.ar\/clacso\/coediciones\/20100825032342\/critica.pdf\">http:\/\/biblioteca.clacso.edu.ar\/clacso\/coediciones\/20100825032342\/critica.pdf<\/a><\/p>\n<p><strong>DE SOUZA MINAYO, Mar\u00eda Cecilia y otros<\/strong> (2003): Investigaci\u00f3n Social. Teor\u00eda, M\u00e9todo y Creatividad. Lugar Editorial. Bs As. <strong>C\u00e1p. 1<\/strong>: Ciencia, t\u00e9cnica y arte: el desaf\u00edo de la investigaci\u00f3n social Disponible en: <a href=\"https:\/\/abcproyecto.files.wordpress.com\/2013\/06\/de-souza-minayo-2007-investigacic3b3n-social.pdf\">https:\/\/abcproyecto.files.wordpress.com\/2013\/06\/de-souza-minayo-2007-investigacic3b3n-social.pdf<\/a><\/p>\n<p><strong>DIAZ, Esther y HELER, Mario<\/strong> (1998): El Conocimiento Cient\u00edfico: Hacia una Visi\u00f3n Cr\u00edtica de las Ciencias. Ed. Eudeba. Bs As. <strong>C\u00e1p.<\/strong><strong> IV, Apartado 1 y 2.\u00a0 \u2013 Cap. V, apartado 1. <\/strong>C\u00e1tedra Metodolog\u00eda de la Investigaci\u00f3n Social I<strong><em>.<\/em><\/strong> Licenciatura en Trabajo Social. FCS. UNC.<\/p>\n<p><strong>FREIRE, Paulo<\/strong> (1968): Pedagog\u00eda del Oprimido. <strong>C\u00e1p.<\/strong><strong> II. <\/strong>Ed. Siglo XXI. M\u00e9xico. 2005. Disponible en: <a href=\"https:\/\/fhcv.files.wordpress.com\/2014\/01\/freire-pedagogia-del-oprimido.pdf\">https:\/\/fhcv.files.wordpress.com\/2014\/01\/freire-pedagogia-del-oprimido.pdf<\/a>.<\/p>\n<p><strong>GAGNETEN, Mar\u00eda Mercedes<\/strong> (1987): Hacia una Metodolog\u00eda de Sistematizaci\u00f3n de la Pr\u00e1ctica. <strong>Apartado I: Introducci\u00f3n y Apartado II: Marco Contextual y Conceptual<\/strong>. Editorial Humanitas. Disponible en: <a href=\"http:\/\/centroderecursos.alboan.org\/ebooks\/0000\/0270\/6_GAG_HAC.pdf\">http:\/\/centroderecursos.alboan.org\/ebooks\/0000\/0270\/6_GAG_HAC.pdf<\/a><\/p>\n<p><strong>GARAY, Lucia<\/strong> (2006): La Cuesti\u00f3n Institucional en la Educaci\u00f3n y las Escuelas, en BUTELMAN, Ida: \u201c<em>Pensando las Instituciones: sobre Teor\u00edas y Pr\u00e1cticas en Educaci\u00f3n<\/em>\u201d. Editorial Paid\u00f3s. <strong>Pp. 126-158. <\/strong>Disponible en: <a href=\"https:\/\/documentop.com\/queue\/pensando-las-instituciones_5992808a1723dd545da6cab6.html\">https:\/\/documentop.com\/queue\/pensando-las-instituciones_5992808a1723dd545da6cab6.html<\/a><\/p>\n<p><strong>GONZ\u00c1LEZ, Cristina<\/strong>. \u00bfDel Caso Social Individual al Trabajo Social Familiar?: Un Poco de Historia y Algunas Reflexiones\u201d. (Mimeo).C\u00e1tedra. Unidad I: Teor\u00eda, Espacios y Estrategias de Intervenci\u00f3n III B (Familiar).Licenciatura en Trabajo Social. FCS. UNC.<\/p>\n<p><strong>HERN\u00c1NDEZ \u2013SAMPIERI, R y Otros<\/strong> (2006): Metodolog\u00eda de la Investigaci\u00f3n<strong>. C\u00e1p. 2 (p. 33-40), 12, 13, 14, 15 y 16<\/strong>. (Pp. 520- 747) M\u00e9xico. 4\u00b0 Edici\u00f3n. Mc Graw Hill. Disponible en: <a href=\"https:\/\/competenciashg.files.wordpress.com\/2012\/10\/sampieri-et-al-metodologia-de-la-investigacion-4ta-edicion-sampieri-2006_ocr.pdf\">https:\/\/competenciashg.files.wordpress.com\/2012\/10\/sampieri-et-al-metodologia-de-la-investigacion-4ta-edicion-sampieri-2006_ocr.pdf<\/a><\/p>\n<p><strong>ISUANI, Aldo y MERCER, Hugo<\/strong> (1987): La Fragmentaci\u00f3n Institucional del sector salud en Argentina: \u00bfpluralismo o irracionalidad? Bolet\u00edn Techint N\u00b0 224.<\/p>\n<p><strong>JELIN, Elizabeth <\/strong>(1986): Familia y Unidad Domestica:<em> Mundo P\u00fablico y Vida Privada<\/em>. Estudios CEDES. Bs. As. Disponible en: <a href=\"http:\/\/www.cedes.org.ar\/Publicaciones\/Est_c\/Est_c1984,4.pdf\">http:\/\/www.cedes.org.ar\/Publicaciones\/Est_c\/Est_c1984,4.pdf<\/a><\/p>\n<p><strong>KUHN, Thomas S.<\/strong> (2005):\u00a0La Estructura de las Revoluciones Cient\u00edficas. (<strong>Prefacio, <\/strong><strong>Introducci\u00f3n: un papel para la historia y Cap\u00edtulo II: El camino hacia la ciencia normal<\/strong>). Fondo de Cultura Econ\u00f3mica de Espa\u00f1a. Disponible en: <a href=\"http:\/\/www.conductitlan.net\/libros_y_lecturas_basicas_gratuitos\/t_s_kuhn_la_estructura_de_las_revoluciones_cientificas.pdf\">http:\/\/www.conductitlan.net\/libros_y_lecturas_basicas_gratuitos\/t_s_kuhn_la_estructura_de_las_revoluciones_cientificas.pdf<\/a><\/p>\n<p><strong>LAURELL, Asa Cristina<\/strong> (1986): El estudio del proceso salud enfermedad en Am\u00e9rica Latina, en<em> Cuadernos M\u00e9dicos Sociales<\/em>, N\u00b0 37. Argentina, Rosario.<\/p>\n<p><strong>LAURELL, Asa Cristina<\/strong> (1982): La Salud-Enfermedad como Proceso Social, en Cuadernos M\u00e9dico Sociales, N\u00ba 19, enero. Disponible en: <a href=\"http:\/\/www.buenosaires.gob.ar\/areas\/salud\/dircap\/mat\/matbiblio\/laurell.pdf\">http:\/\/www.buenosaires.gob.ar\/areas\/salud\/dircap\/mat\/matbiblio\/laurell.pdf<\/a><\/p>\n<p><strong>LEY FEDERAL DE TRABAJO SOCIAL <\/strong><strong>N\u00ba<\/strong><strong> 27.072.<\/strong> A\u00f1o: 2014. Disponible en: <a href=\"http:\/\/www.trabajosocial.unlp.edu.ar\/uploads\/docs\/ley_federal_del_trabajo_social.pdf\">http:\/\/www.trabajosocial.unlp.edu.ar\/uploads\/docs\/ley_federal_del_trabajo_social.pdf<\/a>.<\/p>\n<p><strong>LEY NACIONAL DE SALUD MENTAL <\/strong><strong>N\u00ba<\/strong><strong> 26.657.<\/strong> A\u00f1o: 2010. Disponible en: <a href=\"http:\/\/www.msal.gob.ar\/saludmental\/images\/stories\/info-equipos\/pdf\/ley-nacional-salud-mental-26.657.pdf\">http:\/\/www.msal.gob.ar\/saludmental\/images\/stories\/info-equipos\/pdf\/ley-nacional-salud-mental-26.657.pdf<\/a>.<\/p>\n<p><strong>LEY NACIONAL <\/strong><strong>N\u00ba<\/strong><strong> 25.673 de Creaci\u00f3n del PROGRAMA NACIONAL DE SALUD SEXUAL Y PROCREACI\u00d3N RESPONSABLE.<\/strong> A\u00f1o: 2003. Disponible en: <a href=\"http:\/\/www.msal.gov.ar\/saludsexual\/ley.php\">http:\/\/www.msal.gov.ar\/saludsexual\/ley.php<\/a>.<\/p>\n<p><strong>LEY NACIONAL <\/strong><strong>N\u00ba 26130 \u201cREGIMEN PARA LAS INTERVENCIONES DE CONTRACEPCION QUIRURGICA\u201d. <\/strong>A\u00f1o: 2006. Disponible en <a href=\"http:\/\/www.msal.gov.ar\/saludsexual\/ley.php\">http:\/\/www.msal.gov.ar\/saludsexual\/ley.php<\/a><\/p>\n<p><strong>LEY NACIONAL N\u00ba 26061 \u201cLEY DE PROTECCI\u00d3N INTEGRAL DE LOS DERECHOS DE LOS NI\u00d1OS, NI\u00d1AS Y ADOLESCENTES<\/strong>\u201d. A\u00f1o: 2005. Disponible en: <a href=\"http:\/\/infoleg.mecon.gov.ar\/infolegInternet\/anexos\/110000-114999\/110778\/norma.htm\">http:\/\/infoleg.mecon.gov.ar\/infolegInternet\/anexos\/110000-114999\/110778\/norma.htm<\/a><\/p>\n<p><strong>LEY PROVINCIAL N\u00ba 9.848 PROTECCI\u00d3N DE SALUD MENTAL<\/strong>. Provincia de C\u00f3rdoba. A\u00f1o: 2010.Disponible en: <a href=\"http:\/\/www.caescor.com\/web\/pdf\/Ley9848.pdf\">http:\/\/www.caescor.com\/web\/pdf\/Ley9848.pdf<\/a>.<\/p>\n<p><strong>LEY PROVINCIAL N\u00ba 9344 DE CONTRACEPCI\u00d3N QUIR\u00daRGICA<\/strong>. Provincia de C\u00f3rdoba. A\u00f1o: 2006. Disponible en: <a href=\"http:\/\/www.unc.edu.ar\/extension\/vinculacion\/genero\/legislacion-vigente-sobre-genero\/provinciales\/ley-provincial-de-ligadura-tubaria.pdf\">http:\/\/www.unc.edu.ar\/extension\/vinculacion\/genero\/legislacion-vigente-sobre-genero\/provinciales\/ley-provincial-de-ligadura-tubaria.pdf<\/a>\u00a0\u00a0 <strong><br \/>\n<\/strong><\/p>\n<p><strong>LEY PROVINCIAL N\u00ba 9944 \u201cPROMOCI\u00d3N Y PROTECCI\u00d3N INTEGRAL DE LOS DERECHOS DE LOS NI\u00d1OS, NI\u00d1AS Y ADOLESCENTES\u201d. <\/strong>A\u00f1o: 2011.Provincia de C\u00f3rdoba. Disponible en: <a href=\"http:\/\/web2.cba.gov.ar\/web\/leyes.nsf\/0\/30D3D607469A7195032578A800729695?OpenDocument&amp;Highlight=0,9944\">http:\/\/web2.cba.gov.ar\/web\/leyes.nsf\/0\/30D3D607469A7195032578A800729695?OpenDocument&amp;Highlight=0,9944<\/a><\/p>\n<p><strong>LEY PROVINCIAL N\u00ba 9283 \u201cLEY DE VIOLENCIA FAMILIAR<\/strong>\u201d. Provincia de C\u00f3rdoba. A\u00f1o: 2006. Disponible en: <a href=\"https:\/\/www.justiciacordoba.gob.ar\/JusticiaCordoba\/files\/oficinamujer\/Ley%209283%20Violencia%20Familiar.pdf\">https:\/\/www.justiciacordoba.gob.ar\/JusticiaCordoba\/files\/oficinamujer\/Ley%209283%20Violencia%20Familiar.pdf<\/a><\/p>\n<p><strong>LEY PROVINCIAL N\u00ba 9133 \u201cLEY DE GARANT\u00cdAS SALUDABLES<\/strong>\u201d. A\u00f1o 2003. Provincia de C\u00f3rdoba. Disponible en: <a href=\"http:\/\/web2.cba.gov.ar\/web\/leyes.nsf\/85a69a561f9ea43d03257234006a8594\/0a8e72ae4e3f8c230325782b006108a9?OpenDocument\">http:\/\/web2.cba.gov.ar\/web\/leyes.nsf\/85a69a561f9ea43d03257234006a8594\/0a8e72ae4e3f8c230325782b006108a9?OpenDocument<\/a><\/p>\n<p><strong>LIEBEL, Manfred<\/strong> (1996): El Protagonismo Infantil Organizado de los NATS, en <em>Cuadernos NATRAS<\/em>, N\u00ba4, febrero. Seminario\u00a0Cuatrimestral\u00a0de\u00a0Trabajo\u00a0Social\u00a0con Ni\u00f1os\u00a0y\u00a0Adolescentes. Licenciatura en Trabajo Social. FCS. UNC.<\/p>\n<p><strong>MADURO, Otto<\/strong> (2009): Para Repensar Eso de Conocimiento y Liberaci\u00f3n. Agenda Latinoamericana. Disponible en <a href=\"http:\/\/www.servicioskoinonia.org\/agenda\/archivo\/obra.php?ncodigo=169\">http:\/\/www.servicioskoinonia.org\/agenda\/archivo\/obra.php?ncodigo=169<\/a><\/p>\n<p><strong>MATUS Carlos<\/strong> (2007): MAPP M\u00e9todo Altadir de Planificaci\u00f3n Popular. <strong>C\u00e1p 3: Introducci\u00f3n al M\u00e9todo MAPP. <\/strong>Ed. Lugar, Buenos Aires. Disponible en: <a href=\"http:\/\/www.coodi.com.uy\/redoeste\/docs\/bibkiiogeneral\/MAPP-Metodo-Altadir-de-Planificacion-Popular.pdf\">http:\/\/www.coodi.com.uy\/redoeste\/docs\/bibkiiogeneral\/MAPP-Metodo-Altadir-de-Planificacion-Popular.pdf<\/a><\/p>\n<p><strong>MAX, Neef y Otros <\/strong>(2010): Desarrollo de la Escala Humana: Una Opci\u00f3n para el Futuro. Cepaur\/ Fundaci\u00f3n DagHammarskjold, Development, N\u00famero Especial.\u00a0 Edit. CF+S. Madrid, Espa\u00f1a. Disponible en: <a href=\"http:\/\/habitat.aq.upm.es\/deh\/adeh.pdf\">http:\/\/habitat.aq.upm.es\/deh\/adeh.pdf<\/a><\/p>\n<p><strong>MENENDEZ, Eduardo<\/strong> (2003): Modelos de atenci\u00f3n de los padecimientos: de exclusiones te\u00f3ricas y articulaciones pr\u00e1cticas<em>.<\/em> Disponible en: <a href=\"https:\/\/docs.google.com\/file\/d\/0B1HbXRn5hv-lelNvbXZvQTF6dDA\/edit\">https:\/\/docs.google.com\/file\/d\/0B1HbXRn5hv-lelNvbXZvQTF6dDA\/edit<\/a><u> \u00a0\u00a0<\/u><\/p>\n<p><strong>MIGUEL y RODR\u00cdGUEZ<\/strong> (1990): Salud y Poder<strong>. C\u00e1p.1: El mito de la salud<\/strong>. Editorial Siglo XXI. C\u00e1tedra de Salud y Pol\u00edticas P\u00fablicas<strong><em>. <\/em><\/strong>Licenciatura en Trabajo Social. FCS. UNC.<\/p>\n<p><strong>NAGEL Ernest <\/strong>(2006): Modelos de Explicaci\u00f3n Cient\u00edfica, en <em>La estructura de la ciencia. Problemas de la l\u00f3gica de la investigaci\u00f3n cient\u00edfica<\/em>. Paidos. Bs As- M\u00e9xico- Barcelona. <strong>P. 35-50<\/strong>. Disponible en: <a href=\"https:\/\/rfdvcatedra.files.wordpress.com\/2013\/08\/nagel-la-estructura-de-la-ciencia.pdf\">https:\/\/rfdvcatedra.files.wordpress.com\/2013\/08\/nagel-la-estructura-de-la-ciencia.pdf<\/a><\/p>\n<p><strong>ORGANIZACI\u00d3N MUNDIAL DE LA SALUD<\/strong> (1948): Constituci\u00f3n de la Organizaci\u00f3n Mundial de la Salud. Disponible en:<a href=\"http:\/\/www.who.int\/governance\/eb\/who_constitution_sp.pdf?ua=1\">http:\/\/www.who.int\/governance\/eb\/who_constitution_sp.pdf?ua=1<\/a>.<\/p>\n<p><strong>ORGANIZACI\u00d3N MUNDIAL DE LA SALUD<\/strong> (1986): \u201cPrimera Conferencia Internacional para la Promoci\u00f3n de la Salud\u201d, Carta de Ottawa,\u00a0Canad\u00e1. Disponible en: <a href=\"http:\/\/www1.paho.org\/spanish\/HPP\/OttawaCharterSp.pdf\">http:\/\/www1.paho.org\/spanish\/HPP\/OttawaCharterSp.pdf<\/a>.<\/p>\n<p><strong>ORGANIZACI\u00d3N PANAMERICANA DE SALUD <\/strong>(1996): Salud Reproductiva: Concepto e Importancia. <strong>C\u00e1p. II y III<\/strong>. Serie Paltex N\u00ba 39. Washington. Disponible en: <a href=\"https:\/\/epifesz.files.wordpress.com\/2011\/01\/salud-reproductiva-concepto-e-importancia-ops.pdf\">https:\/\/epifesz.files.wordpress.com\/2011\/01\/salud-reproductiva-concepto-e-importancia-ops.pdf<\/a><\/p>\n<p><strong>PICHON RIVIERE, Enrique <\/strong>(1985): El Proceso Grupal. Del Psicoan\u00e1lisis a la Psicolog\u00eda Social. Ediciones Nueva Visi\u00f3n. Buenos Aires.<\/p>\n<p><strong>PICHON RIVIERE, Enrique<\/strong> (1970): Historia de la T\u00e9cnica de los Grupos Operativos. Clase dictada por el Dr. Enrique Pich\u00f3n Riviere el 13\/05\/1970. Recopilaci\u00f3n de clases dictadas Ediciones Cinco.<\/p>\n<p><strong>PIOTTI, Mar\u00eda Lidia<\/strong> (Marzo 2011, modificaci\u00f3n) Los Tres Paradigmas sobre la Infancia y Adolescencia, ponencia.\u00a0 Colegio de Profesionales de Servicio Social de la Provincia de C\u00f3rdoba. Seminario\u00a0Cuatrimestral\u00a0de\u00a0Trabajo\u00a0Social\u00a0con Ni\u00f1os\u00a0y\u00a0Adolescentes. Licenciatura en Trabajo Social. FCS. UNC.<\/p>\n<p><strong>Programa M\u00e9dicos Comunitarios<\/strong>. M\u00f3dulo 2 Epidemiologia. <strong>Unidad 1 <\/strong>Concepto y aplicaciones de la epidemiolog\u00eda, <strong>Unidad 2<\/strong>: Medidas y dise\u00f1os epidemiol\u00f3gicos, y Glosario. Disponible en: <a href=\"http:\/\/www.msal.gob.ar\/equiposcomunitarios\/index.php\/informacion-para-equipos-de-salud\/material-bibliografico\">http:\/\/www.msal.gob.ar\/equiposcomunitarios\/index.php\/informacion-para-equipos-de-salud\/material-bibliografico<\/a><\/p>\n<p><strong>QUIROGA, Ana <\/strong>(2003): La psicolog\u00eda social como cr\u00edtica de la vida cotidiana <em>(Clase dictada en 1981) <\/em>en <strong>QUIROGA, Ana y RACEDO, Josefina,<\/strong> Critica de la Vida Cotidiana. Ediciones Cinco. 6\u00aa edici\u00f3n. Argentina. <strong>P. 7-14. <\/strong>Disponible en: <a href=\"https:\/\/es.scribd.com\/doc\/127703057\/Critica-de-La-Vida-Cotidiana-Ana-Quiroga-Josefina-Racedo\">https:\/\/es.scribd.com\/doc\/127703057\/Critica-de-La-Vida-Cotidiana-Ana-Quiroga-Josefina-Racedo<\/a><strong><br \/>\n<\/strong><\/p>\n<p><strong>QUIROGA, Ana <\/strong>(1991): Matrices de Aprendizaje. Constituci\u00f3n del Sujeto en el Proceso de Conocimiento. <strong>C\u00e1p. IV: Concepto de Matriz de Aprendizaje<\/strong>. Ediciones Cinco Argentina.\u00a0 Disponible en:<a href=\"http:\/\/uep157.com\/biblioteca\/1\/Teoria_del_Aprendizaje\/Concepto_de_Matriz_de_Aprendizaje.pdf\"> http:\/\/uep157.com\/biblioteca\/1\/Teoria_del_Aprendizaje\/Concepto_de_Matriz_de_Aprendizaje.pdf<\/a><\/p>\n<p><strong>ROBIROSA, Mario y Otros<\/strong> (1990): Turbulencia y Planificaci\u00f3n Social. <strong>C\u00e1p. 3: La viabilizaci\u00f3n del Proyecto (Primera Etapa). <\/strong>Edici\u00f3n UNICEF \u2013 Siglo XXI, Buenos Aires.<strong><br \/>\n<\/strong><\/p>\n<p><strong>ROVERE, Mario<\/strong> (1993): Planificaci\u00f3n Estrat\u00e9gica de Recursos Humanos en Salud<strong>. Cap\u00edtulos I, II y IV. <\/strong>Edici\u00f3n OPS\/OMS, Chile. Disponible en: <a href=\"https:\/\/cursos.campusvirtualsp.org\/mod\/resource\/view.php?id=968\">https:\/\/cursos.campusvirtualsp.org\/mod\/resource\/view.php?id=968<\/a><\/p>\n<p><strong>ROVERE, Mario (<\/strong>1999): Redes En Salud; Un Nuevo Paradigma para el abordaje de las organizaciones y la comunidad. <strong>Apartado 1: Atenci\u00f3n primaria de la salud resignificada en la red de servicios y Apartado 2: Hacia la conformaci\u00f3n de Redes<\/strong>. Rosario: Ed. Secretar\u00eda de Salud P\u00fablica\/AMR, Instituto Lazarte (reimpresi\u00f3n). Disponible en: \u00a0<a href=\"http:\/\/www.rosario.gov.ar\/sitio\/verArchivo?id=8565&amp;tipo=objetoMultimedia\">http:\/\/www.rosario.gov.ar\/sitio\/verArchivo?id=8565&amp;tipo=objetoMultimedia<\/a><\/p>\n<p><strong>ROZAS PAGAZA Margarita<\/strong> (1998): Una Perspectiva Te\u00f3rica &#8211; metodol\u00f3gica de la Intervenci\u00f3n en Trabajo Social. Editorial Espacio. Argentina. Disponible en: Licenciatura en Trabajo Social. FCS. UNC.<\/p>\n<p><strong>SIRVENT, Mar\u00eda Teresa<\/strong> (1999): Cultura Popular y Participaci\u00f3n Social. Una Investigaci\u00f3n en el Barrio de Mataderos (Buenos Aires). <strong>C\u00e1p. III: Encuadre te\u00f3rico y metodol\u00f3gico.<\/strong> Mi\u00f1o y D\u00e1vila Editores. Buenos Aires Madrid.Teor\u00eda, Espacios y Estrategias de Intervenci\u00f3n I (Grupal) &#8211; C\u00e1tedra: \u201cB\u201d<strong><em>. <\/em><\/strong>Licenciatura en Trabajo Social. FCS. UNC.<strong><br \/>\n<\/strong><\/p>\n<p><strong>STOLKINER, Alicia (1999):<\/strong> La Interdisciplina: entre la epistemolog\u00eda y las pr\u00e1cticas, en <em>Revista Campo Psi-Revista de Informaci\u00f3n especializada<\/em>\u201d A\u00f1o 3, N\u00b0 10, abril, Rosario. Disponible en: <a href=\"http:\/\/www.campopsi.com.ar\/lecturas\/stolkiner.htm\">http:\/\/www.campopsi.com.ar\/lecturas\/stolkiner.htm<\/a><\/p>\n<p><strong>VASILACHIS DE GIALDINO, I.<\/strong> (Coord.) (2006) Estrategias de Investigaci\u00f3n Cualitativa. Edit. Gedisa, Barcelona. <strong>C\u00e1p. 1: La investigaci\u00f3n cualitativa. P. 23-60.<\/strong> Disponible en: <a href=\"http:\/\/investigacionsocial.sociales.uba.ar\/files\/2013\/03\/Estrategias-de-la-investigacin-cualitativa-1.pdf\">http:\/\/investigacionsocial.sociales.uba.ar\/files\/2013\/03\/Estrategias-de-la-investigacin-cualitativa-1.pdf<\/a><\/p>\n<p><strong>ZAMBERLIN, Nina <\/strong>(s\/f): <em>La Salud y los Derechos Sexuales y Reproductivos: Avances y Retrocesos<\/em>. C\u00e1tedra de Salud y Pol\u00edticas P\u00fablicas<strong><em>. <\/em><\/strong>Licenciatura en Trabajo Social. FCS. UNC. Disponible en: <a href=\"http:\/\/www.cedes.org\/publicaciones\/documentos\/Salud\/2003\/5140.pdf\">http:\/\/www.cedes.org\/publicaciones\/documentos\/Salud\/2003\/5140.pdf<\/a><\/p>\n","protected":false},"excerpt":{"rendered":"<p>ACEVEDO, Patricia (2006): La organizaci\u00f3n como construcci\u00f3n colectiva y alternativas para resolver problemas y satisfacer necesidades. Ficha de C\u00e1tedra Teor\u00eda,<\/p>\n","protected":false},"author":1,"featured_media":5890,"comment_status":"open","ping_status":"open","sticky":false,"template":"","format":"standard","meta":{"footnotes":""},"categories":[13],"tags":[107],"_links":{"self":[{"href":"https:\/\/cpsscba.org\/confluenciasvirtual\/index.php?rest_route=\/wp\/v2\/posts\/5865"}],"collection":[{"href":"https:\/\/cpsscba.org\/confluenciasvirtual\/index.php?rest_route=\/wp\/v2\/posts"}],"about":[{"href":"https:\/\/cpsscba.org\/confluenciasvirtual\/index.php?rest_route=\/wp\/v2\/types\/post"}],"author":[{"embeddable":true,"href":"https:\/\/cpsscba.org\/confluenciasvirtual\/index.php?rest_route=\/wp\/v2\/users\/1"}],"replies":[{"embeddable":true,"href":"https:\/\/cpsscba.org\/confluenciasvirtual\/index.php?rest_route=%2Fwp%2Fv2%2Fcomments&post=5865"}],"version-history":[{"count":6,"href":"https:\/\/cpsscba.org\/confluenciasvirtual\/index.php?rest_route=\/wp\/v2\/posts\/5865\/revisions"}],"predecessor-version":[{"id":5894,"href":"https:\/\/cpsscba.org\/confluenciasvirtual\/index.php?rest_route=\/wp\/v2\/posts\/5865\/revisions\/5894"}],"wp:featuredmedia":[{"embeddable":true,"href":"https:\/\/cpsscba.org\/confluenciasvirtual\/index.php?rest_route=\/wp\/v2\/media\/5890"}],"wp:attachment":[{"href":"https:\/\/cpsscba.org\/confluenciasvirtual\/index.php?rest_route=%2Fwp%2Fv2%2Fmedia&parent=5865"}],"wp:term":[{"taxonomy":"category","embeddable":true,"href":"https:\/\/cpsscba.org\/confluenciasvirtual\/index.php?rest_route=%2Fwp%2Fv2%2Fcategories&post=5865"},{"taxonomy":"post_tag","embeddable":true,"href":"https:\/\/cpsscba.org\/confluenciasvirtual\/index.php?rest_route=%2Fwp%2Fv2%2Ftags&post=5865"}],"curies":[{"name":"wp","href":"https:\/\/api.w.org\/{rel}","templated":true}]}}