{"id":5819,"date":"2017-12-12T15:53:02","date_gmt":"2017-12-12T15:53:02","guid":{"rendered":"http:\/\/cpsscba.org\/confluenciasvirtual\/?p=5819"},"modified":"2017-12-12T16:12:57","modified_gmt":"2017-12-12T16:12:57","slug":"la-creacion-de-las-matriculas-de-especialistas-fueron-conquistas-en-nuestra-profesion","status":"publish","type":"post","link":"https:\/\/cpsscba.org\/confluenciasvirtual\/?p=5819","title":{"rendered":"\u00abLa creaci\u00f3n de las matr\u00edculas de especialistas fueron conquistas en nuestra profesi\u00f3n\u00bb"},"content":{"rendered":"<p><strong>Palabras de la Lic. Vanesa Holgado (Esp. en discapacidad) le\u00eddas en el acto de entrega de certificados a especialistas el 11 de diciembre de 2017.<\/strong><\/p>\n<p>Buenas tardes y Bienvenidos.<\/p>\n<p><strong>Nos encontramos, una vez m\u00e1s, para celebrar la titulaci\u00f3n de especialistas en: Ni\u00f1ez, Adolescencia y Juventudes; Educaci\u00f3n, Jur\u00eddico Criminol\u00f3gico, Salud y Discapacidad, del Colegio de Profesionales de Servicio Social de la Provincia de C\u00f3rdoba. En estos 17 a\u00f1os el camino recorrido por los 71 especialistas han permitido jerarquizar la profesi\u00f3n desde el lugar del saber, valorando la praxis con expertise, construyendo otros modos de pensar, enriquecida por la subjetividad de las diferentes realidades de nuestros colegas. La creaci\u00f3n de las matr\u00edculas de especialistas fueron conquistas en nuestra profesi\u00f3n, pero m\u00e1s a\u00fan, el reconocimiento de la intervenci\u00f3n social en ciertos campos espec\u00edficos. Este a\u00f1o tiene la particularidad de contar con las 2 primeras especialistas en discapacidad, reconocida como un campo de intervenci\u00f3n que fue tomando entidad en la historia del trabajo social.<\/strong><\/p>\n<p>En el devenir hist\u00f3rico del trabajo social la profesi\u00f3n ha ocupado ciertos espacios y funciones de acuerdo a requerimientos y condicionamientos macro, donde la seguridad social y el riesgo contaban con m\u00e1s certezas que incertidumbres. Con el quiebre de la sociedad salarial, la internacionalizaci\u00f3n de las relaciones estatales, el incremento de la desigualdad por la concentraci\u00f3n de la riqueza, nos lleva a encontramos frente a un escenario altamente competitivo, complejo, excluyente, donde cada vez m\u00e1s personas quedan desafiladas de un sistema que pocas respuestas provee.<\/p>\n<p>En este nuevo marco, el Trabajo Social tiene una visibilidad distinta y ha conquistado en el campo social lo que antes era negado. Intervenimos para hacer visible procesos subjetivos que tienen un sustento social y que no solo impactan en la persona, sino tambi\u00e9n en su familia, la comunidad y la sociedad. Ante estos desaf\u00edos de descolectivizaci\u00f3n el trabajador social tiene una exigencia que es la formaci\u00f3n continua y la capacidad de profundizar y brindar estrategias acertadas ante el derrotero de intentos de inclusi\u00f3n. Parafraseando a Bourdieu en este racismo de la inteligencia se terminan naturalizando las diferencias y el papel de los psic\u00f3logos, de los m\u00e9dicos y de los psiquiatras se acent\u00faan, por lo cual, \u201clos casos sociales se convierten en casos psicol\u00f3gicos, las deficiencias sociales en deficiencias mentales, etc.\u201d( Bourdieu, 2013 :265). En este entramado de relaciones de poder y saber, el trabajador social tiene una responsabilidad y obligaci\u00f3n profesional: intervenir en las especificidades, pero a su vez, ocupar un lugar simb\u00f3lico en el \u00e1mbito institucional, estatal, social, profesional, comunitario, de pol\u00edticas sociales, jur\u00eddico, educativo, en los que existe un persistente accionar de desplazar lo social y reducirlo a problemas psicol\u00f3gicos, econ\u00f3micos, laborales, fragmentando lo colectivo para convertirlo en responsabilidades individuales de las personas. La descolectivizaci\u00f3n sume al ser humano en la desprotecci\u00f3n extrema de afrontar las situaciones adversas de manera solitaria, sin pertenencias, donde el \u201csalvese quien pueda\u201d es un precepto enquistado.<\/p>\n<p>\u201cEsta relaci\u00f3n intr\u00ednseca y cuasi \u00edntima con los sujetos de atenci\u00f3n, sometidos a procesos de desafiliaci\u00f3n y marginalidad, nos ha ubicado en un rol profesional \u201cmarginal\u201d y \u201cprescindible\u201d en sendos espacios institucionales y niveles de intervenci\u00f3n\u201d (Holgado, 2017). El trabajador social tiene que salir de esa zona de marginaci\u00f3n en la cual se ha querido asignarle, pero esto solo se puede superar con idoneidad, haciendo valer el rol profesional y teniendo claridad sobre las incumbencias profesionales, es decir, es una responsabilidad propia, nos obliga a salir de la zona de confort, a hacer una autocr\u00edtica de nuestra praxis y poder superarnos d\u00eda a d\u00eda en nuestro accionar profesional.<\/p>\n<p>Tomando a Dubet en su referencia a nuestra profesi\u00f3n, dice: \u201cSon a la vez presa de un sistema de Integraci\u00f3n flotante, de una pol\u00edtica de servicios y de un deseo de reconocimiento probablemente tan inagotable Como el de los \u00a8casos sociales\u00a8. (Dubet, 2013 :402). El deseo de reconocimiento que plantea Dubet es tan real, como posible de transformar en la concreci\u00f3n del mismo; este reconocimiento primero tiene que partir de nosotros, es decir, tenemos que tener claridad de la funci\u00f3n que cumplimos, del servicio profesional que ofrecemos y de la entidad de nuestras palabras, de nuestros pensamientos, de nuestras acciones. No basta con reclamar a los otros lo que nosotros no hemos podido asumir.<\/p>\n<p>Esta madurez profesional es necesaria para actuar con firmeza ante un mundo atormentado por la exclusi\u00f3n, por el horror de las diferentes formas de violencia, la precarizaci\u00f3n laboral y los procesos de individualizaci\u00f3n.<\/p>\n<p>La cambiante realidad nos impone la capacitaci\u00f3n continua, el repensar nuestras pr\u00e1cticas, proponer nuevas estrategias que se adec\u00faen al aqu\u00ed y ahora. La formaci\u00f3n tambi\u00e9n es una responsabilidad \u00e9tica al servicio de las personas que acuden a buscar nuestros servicios, ellos m\u00e1s que nadie merecen profesionales id\u00f3neos para proveer alternativas a problemas cada vez m\u00e1s complejos.<\/p>\n<p>Jerarquizar nuestra profesi\u00f3n es valorizar a los trabajadores sociales, implica actuar con expertise ante las intervenciones interdisciplinarias, es proveerle la entidad y derechos a las personas que acuden a nuestros servicios, es visibilizar ante la sociedad lo que quiere ser negado, es interpelar al Estado por su omisi\u00f3n y por pol\u00edticas p\u00fablicas deficitarias que reproducen la marginaci\u00f3n y exclusi\u00f3n, es tener la plasticidad de intervenir con diferentes grupos sociales y econ\u00f3micos, es contar con las herramientas necesarias y pertinentes ante una situaci\u00f3n espec\u00edfica.<\/p>\n<p>Esto es una tarea propia y colectiva, por esto invitamos a todos los Trabajadores Sociales a que se sumen en este camino de jerarquizar la profesi\u00f3n, de la formaci\u00f3n continua, de luchar contra los intrusismos profesionales, de mirar m\u00e1s all\u00e1 del hoy, para constituirse en una tarea diaria que dar\u00e1 sus frutos en lo inmediato y sedimentar\u00e1n un futuro m\u00e1s prominente.<\/p>\n<p>Por todo esto \u201cEs necesario desestructurar lo dado y comenzar a interpelar lo establecido, para construir un saber social que contenga la riqueza de la subjetividad y el poder de lo colectivo.\u201d(Holgado, 2017)<\/p>\n<p>Muchas gracias y felicitaciones a los nuevos especialistas.<\/p>\n<p style=\"text-align: right;\">Lic. Vanesa Holgado<\/p>\n<p style=\"text-align: right;\">MP:10-1744<\/p>\n<p style=\"text-align: right;\">Esp. Discapacidad : 68<\/p>\n","protected":false},"excerpt":{"rendered":"<p>Palabras de la Lic. Vanesa Holgado (Esp. en discapacidad) le\u00eddas en el acto de entrega de certificados a especialistas el<\/p>\n","protected":false},"author":1,"featured_media":5821,"comment_status":"open","ping_status":"open","sticky":false,"template":"","format":"standard","meta":{"footnotes":""},"categories":[13,14],"tags":[105,106],"_links":{"self":[{"href":"https:\/\/cpsscba.org\/confluenciasvirtual\/index.php?rest_route=\/wp\/v2\/posts\/5819"}],"collection":[{"href":"https:\/\/cpsscba.org\/confluenciasvirtual\/index.php?rest_route=\/wp\/v2\/posts"}],"about":[{"href":"https:\/\/cpsscba.org\/confluenciasvirtual\/index.php?rest_route=\/wp\/v2\/types\/post"}],"author":[{"embeddable":true,"href":"https:\/\/cpsscba.org\/confluenciasvirtual\/index.php?rest_route=\/wp\/v2\/users\/1"}],"replies":[{"embeddable":true,"href":"https:\/\/cpsscba.org\/confluenciasvirtual\/index.php?rest_route=%2Fwp%2Fv2%2Fcomments&post=5819"}],"version-history":[{"count":3,"href":"https:\/\/cpsscba.org\/confluenciasvirtual\/index.php?rest_route=\/wp\/v2\/posts\/5819\/revisions"}],"predecessor-version":[{"id":5823,"href":"https:\/\/cpsscba.org\/confluenciasvirtual\/index.php?rest_route=\/wp\/v2\/posts\/5819\/revisions\/5823"}],"wp:featuredmedia":[{"embeddable":true,"href":"https:\/\/cpsscba.org\/confluenciasvirtual\/index.php?rest_route=\/wp\/v2\/media\/5821"}],"wp:attachment":[{"href":"https:\/\/cpsscba.org\/confluenciasvirtual\/index.php?rest_route=%2Fwp%2Fv2%2Fmedia&parent=5819"}],"wp:term":[{"taxonomy":"category","embeddable":true,"href":"https:\/\/cpsscba.org\/confluenciasvirtual\/index.php?rest_route=%2Fwp%2Fv2%2Fcategories&post=5819"},{"taxonomy":"post_tag","embeddable":true,"href":"https:\/\/cpsscba.org\/confluenciasvirtual\/index.php?rest_route=%2Fwp%2Fv2%2Ftags&post=5819"}],"curies":[{"name":"wp","href":"https:\/\/api.w.org\/{rel}","templated":true}]}}