{"id":5813,"date":"2017-12-10T15:39:57","date_gmt":"2017-12-10T15:39:57","guid":{"rendered":"http:\/\/cpsscba.org\/confluenciasvirtual\/?p=5813"},"modified":"2017-12-10T15:39:57","modified_gmt":"2017-12-10T15:39:57","slug":"la-importancia-de-nuestra-accion-profesional-en-la-actual-coyuntura","status":"publish","type":"post","link":"https:\/\/cpsscba.org\/confluenciasvirtual\/?p=5813","title":{"rendered":"La importancia de nuestra acci\u00f3n profesional en la actual coyuntura"},"content":{"rendered":"<p>10 de diciembre \/ DIA DEL\/A TRABAJADOR\/A SOCIAL<\/p>\n<p><em>Por: Lic. Carolina Allende*<\/em><\/p>\n<p><strong>En una nueva fecha de celebraci\u00f3n de nuestro d\u00eda en el marco de los derechos humano es propicio para reflexionar sobre esa elecci\u00f3n, sobre la decisi\u00f3n de cambiar la fecha para superar hasta en lo simb\u00f3lico, el paradigma que sign\u00f3 a nuestra profesi\u00f3n por tantos a\u00f1os.<\/strong><\/p>\n<p>Para reconocernos con la coherencia de hacer lo que profesamos: si sostenemos la supremac\u00eda de los aspectos culturales e hist\u00f3ricos en las construcciones sociales, resistirnos a aceptar lo dado como inalterable y buscar colectivamente otra\/s forma\/s otros escenarios y generar un nuevo formato, una nueva fecha para celebrarnos, m\u00e1s ajustada a los objetivos profesionales.<\/p>\n<p>Y eso hicimos como profesi\u00f3n. Nos resignificamos desde lo simb\u00f3lico del d\u00eda elegido para conmemorarnos. Nos fortalecimos en nuestras convicciones de respeto por los DDHH y lo volvimos a hacer en el 2014 cuando nuestra Ley Federal se promulg\u00f3 exactamente el 10 de Diciembre.<\/p>\n<p>Este 10 de Diciembre nos encuentra inmersxs en un contexto nacional y mundial que nos interpela a reflexionar sobre nuestras pr\u00e1cticas permanentemente, sobre nuestros posicionamientos \u00e9ticos y pol\u00edticos, sobre nuestras elecciones cotidianas en el ejercicio profesional, sobre la orientaci\u00f3n que buscamos en las instituciones que nos forman, nos representan, nos cobijan y que somos responsables de darles sustento con\u00a0 nuestra participaci\u00f3n.<\/p>\n<p>Desde el colegio de profesionales asumimos el compromiso de la participaci\u00f3n, no s\u00f3lo fomentarla hacia el interior de la instituci\u00f3n, sino la participaci\u00f3n de la instituci\u00f3n en la vida pol\u00edtica y social; buscando incidir en las pol\u00edticas p\u00fablicas sin escatimar esfuerzos y asumiendo las tensiones internas que ello significa; manifest\u00e1ndonos ante expresiones, hechos, actos de gobierno y toda situaci\u00f3n que vulnere derechos, puesto que consideramos una obligaci\u00f3n \u00e9tica no quedarnos callados, no mirar para otro lado.<\/p>\n<p>Tambi\u00e9n consideramos que al sostener espacios de formaci\u00f3n cr\u00edtica, debates y acciones colectivas, aportamos al an\u00e1lisis de los nuevos escenarios pol\u00edticos que atraviesan las condiciones laborales, las pr\u00e1cticas profesionales y las pol\u00edticas p\u00fablicas. En este aspecto, pretendemos ser un actor que junto a otros, aporte al real ejercicio del derecho a tener derechos y en el actual escenario pol\u00edtico y econ\u00f3mico, esto puede y debe ser subversivo, en el sentido de subvertir el orden actual y prepararnos para afrontar los desaf\u00edos actuales y futuros.<\/p>\n<p>* Lic. Carolina Allende Presidenta del CPSSPC.<\/p>\n<p>&nbsp;<\/p>\n","protected":false},"excerpt":{"rendered":"<p>10 de diciembre \/ DIA DEL\/A TRABAJADOR\/A SOCIAL Por: Lic. Carolina Allende* En una nueva fecha de celebraci\u00f3n de nuestro<\/p>\n","protected":false},"author":1,"featured_media":5814,"comment_status":"open","ping_status":"open","sticky":false,"template":"","format":"standard","meta":{"footnotes":""},"categories":[8,14],"tags":[],"_links":{"self":[{"href":"https:\/\/cpsscba.org\/confluenciasvirtual\/index.php?rest_route=\/wp\/v2\/posts\/5813"}],"collection":[{"href":"https:\/\/cpsscba.org\/confluenciasvirtual\/index.php?rest_route=\/wp\/v2\/posts"}],"about":[{"href":"https:\/\/cpsscba.org\/confluenciasvirtual\/index.php?rest_route=\/wp\/v2\/types\/post"}],"author":[{"embeddable":true,"href":"https:\/\/cpsscba.org\/confluenciasvirtual\/index.php?rest_route=\/wp\/v2\/users\/1"}],"replies":[{"embeddable":true,"href":"https:\/\/cpsscba.org\/confluenciasvirtual\/index.php?rest_route=%2Fwp%2Fv2%2Fcomments&post=5813"}],"version-history":[{"count":1,"href":"https:\/\/cpsscba.org\/confluenciasvirtual\/index.php?rest_route=\/wp\/v2\/posts\/5813\/revisions"}],"predecessor-version":[{"id":5815,"href":"https:\/\/cpsscba.org\/confluenciasvirtual\/index.php?rest_route=\/wp\/v2\/posts\/5813\/revisions\/5815"}],"wp:featuredmedia":[{"embeddable":true,"href":"https:\/\/cpsscba.org\/confluenciasvirtual\/index.php?rest_route=\/wp\/v2\/media\/5814"}],"wp:attachment":[{"href":"https:\/\/cpsscba.org\/confluenciasvirtual\/index.php?rest_route=%2Fwp%2Fv2%2Fmedia&parent=5813"}],"wp:term":[{"taxonomy":"category","embeddable":true,"href":"https:\/\/cpsscba.org\/confluenciasvirtual\/index.php?rest_route=%2Fwp%2Fv2%2Fcategories&post=5813"},{"taxonomy":"post_tag","embeddable":true,"href":"https:\/\/cpsscba.org\/confluenciasvirtual\/index.php?rest_route=%2Fwp%2Fv2%2Ftags&post=5813"}],"curies":[{"name":"wp","href":"https:\/\/api.w.org\/{rel}","templated":true}]}}