{"id":5740,"date":"2017-11-05T12:18:16","date_gmt":"2017-11-05T12:18:16","guid":{"rendered":"http:\/\/cpsscba.org\/confluenciasvirtual\/?p=5740"},"modified":"2017-12-05T19:40:42","modified_gmt":"2017-12-05T19:40:42","slug":"i-jornada-regional-de-intercambio-de-experiencias-profesionales","status":"publish","type":"post","link":"https:\/\/cpsscba.org\/confluenciasvirtual\/?p=5740","title":{"rendered":"I Jornada Regional de Intercambio de Experiencias Profesionales"},"content":{"rendered":"<p><strong>El pr\u00f3ximo viernes 24 de noviembre se llevar\u00e1 a cabo la I Jornada Regional de Intercambio de Experiencias Profesionales, organizada de manera conjunta por la Delegaci\u00f3n Villa Mar\u00eda, Sub Sede Marcos Ju\u00e1rez y un equipo de colegas de la localidad de Bell Ville.<\/strong><\/p>\n<div class=\"text_exposed_show\">\n<p>El objetivo central es recuperar las experiencias y trayectorias de trabajo desarrolladas en la zona, d\u00e1ndole valor a nuestra tarea cotidiana, reivindicando el quehacer profesional en los distintos \u00e1mbitos en los que se desarrolla, convencidos de que el encuentro e intercambio enriquecen en gran medida nuestras pr\u00e1cticas.<\/p>\n<p>Esperamos poder sumar la mayor cantidad de testimonios, escritos, ponencias, etc., de las m\u00e1s de 40 localidades que comprenden nuestra regional, y es por eso que hemos elaborado una simple gu\u00eda de preguntas que ser\u00e1n \u00fatiles para organizar y compartir sus experiencias.<\/p>\n<p>Solicitamos difundir entre colegas, y poder ir completando los formularios de preinscripci\u00f3n.<\/p>\n<p>Para aquellos interesados en participar como asistentes ingresar al siguiente link:<br \/>\n<a href=\"https:\/\/docs.google.com\/forms\/d\/e\/1FAIpQLSc83CKCdPoV9UCucPnD0h1sMCnw4ZcmJgaViKoqjDUz6RHcSw\/viewform?c=0&amp;w=1\" target=\"_blank\" rel=\"nofollow noopener noreferrer\" data-ft=\"{&quot;tn&quot;:&quot;-U&quot;}\" data-lynx-mode=\"async\" data-lynx-uri=\"https:\/\/l.facebook.com\/l.php?u=https%3A%2F%2Fdocs.google.com%2Fforms%2Fd%2Fe%2F1FAIpQLSc83CKCdPoV9UCucPnD0h1sMCnw4ZcmJgaViKoqjDUz6RHcSw%2Fviewform%3Fc%3D0%26w%3D1&amp;h=ATMUhv15kYS2cgme3MaaQw9oTUYRjrRFJu9lgu1rmASkEAorIkB9cZ8VCgg3_BCgnlnzmRXAYaZpeuS6c3VtRcyvW7hlgUXZ0SAa8ll15PpPVWAFq6y7CK9wp2q10hG6NMv9xX0tTzV-8j9Gqbwrv53I7WJ5f7amGVzZXS9gaA0Sw9DsMYKFCSx-h6o1MgshlU7FEuAbu21xDy_Ua6MoZB2Bns4PY4eaLkfeqGoNgLV-PhFo8vbETrzW7efWbhbNi8dHGoFA_H-BRr1BJ4HV1xAiRu5J4OybHhZfZw\">https:\/\/docs.google.com\/\u2026\/1FAIpQLSc83CKCdPoV9UCuc\u2026\/viewform\u2026<\/a><\/p>\n<p>Los y las colegas que participar\u00e1n compartiendo alguna de sus experiencias profesionales, deben completar el siguiente formulario:<br \/>\n<a href=\"https:\/\/docs.google.com\/forms\/d\/e\/1FAIpQLSdmhEa0jqrmLz3WL2FXCnqKz8uoRmVYBXJfFoAxERyofHxVjg\/viewform?c=0&amp;w=1\" target=\"_blank\" rel=\"nofollow noopener noreferrer\" data-ft=\"{&quot;tn&quot;:&quot;-U&quot;}\" data-lynx-mode=\"async\" data-lynx-uri=\"https:\/\/l.facebook.com\/l.php?u=https%3A%2F%2Fdocs.google.com%2Fforms%2Fd%2Fe%2F1FAIpQLSdmhEa0jqrmLz3WL2FXCnqKz8uoRmVYBXJfFoAxERyofHxVjg%2Fviewform%3Fc%3D0%26w%3D1&amp;h=ATOzqyTDVyqDYwRuqTgyTpUmw1j0wYgQCMheTpVuEidbJrvlUrziE8jrHM5Z86CGlb4S6PhszgqVOQO7Fg1SwiKt_5-ufG80Plx9NbH_AWLazQJBEevEM3XMmT16qQnuayTxtPUvDEzhl-pPsi6AxDrV8l03IqDryCNUIRDLKmA-bZKEcTNMFzmI7ZUHVVRlMAM7pLVWoRpPylDocGTdFFWpCs90a62ZgGh31rDjREHEo1mup0ftw5YUOcXaQxRse-p6zWlVsQKV39f2nYODeTSOaod4QJZbrSvjjg\">https:\/\/docs.google.com\/\u2026\/1FAIpQLSdmhEa0jqrmLz3WL\u2026\/viewform\u2026<\/a><\/p>\n<p>Para m\u00e1s informaci\u00f3n contactarse por esta v\u00eda, o al correo electr\u00f3nico cpssvm@gmail.com<\/p>\n<\/div>\n","protected":false},"excerpt":{"rendered":"<p>El pr\u00f3ximo viernes 24 de noviembre se llevar\u00e1 a cabo la I Jornada Regional de Intercambio de Experiencias Profesionales, organizada<\/p>\n","protected":false},"author":1,"featured_media":5741,"comment_status":"open","ping_status":"open","sticky":false,"template":"","format":"standard","meta":{"footnotes":""},"categories":[104,22,40,23],"tags":[],"_links":{"self":[{"href":"https:\/\/cpsscba.org\/confluenciasvirtual\/index.php?rest_route=\/wp\/v2\/posts\/5740"}],"collection":[{"href":"https:\/\/cpsscba.org\/confluenciasvirtual\/index.php?rest_route=\/wp\/v2\/posts"}],"about":[{"href":"https:\/\/cpsscba.org\/confluenciasvirtual\/index.php?rest_route=\/wp\/v2\/types\/post"}],"author":[{"embeddable":true,"href":"https:\/\/cpsscba.org\/confluenciasvirtual\/index.php?rest_route=\/wp\/v2\/users\/1"}],"replies":[{"embeddable":true,"href":"https:\/\/cpsscba.org\/confluenciasvirtual\/index.php?rest_route=%2Fwp%2Fv2%2Fcomments&post=5740"}],"version-history":[{"count":1,"href":"https:\/\/cpsscba.org\/confluenciasvirtual\/index.php?rest_route=\/wp\/v2\/posts\/5740\/revisions"}],"predecessor-version":[{"id":5742,"href":"https:\/\/cpsscba.org\/confluenciasvirtual\/index.php?rest_route=\/wp\/v2\/posts\/5740\/revisions\/5742"}],"wp:featuredmedia":[{"embeddable":true,"href":"https:\/\/cpsscba.org\/confluenciasvirtual\/index.php?rest_route=\/wp\/v2\/media\/5741"}],"wp:attachment":[{"href":"https:\/\/cpsscba.org\/confluenciasvirtual\/index.php?rest_route=%2Fwp%2Fv2%2Fmedia&parent=5740"}],"wp:term":[{"taxonomy":"category","embeddable":true,"href":"https:\/\/cpsscba.org\/confluenciasvirtual\/index.php?rest_route=%2Fwp%2Fv2%2Fcategories&post=5740"},{"taxonomy":"post_tag","embeddable":true,"href":"https:\/\/cpsscba.org\/confluenciasvirtual\/index.php?rest_route=%2Fwp%2Fv2%2Ftags&post=5740"}],"curies":[{"name":"wp","href":"https:\/\/api.w.org\/{rel}","templated":true}]}}