{"id":5705,"date":"2017-10-04T13:50:31","date_gmt":"2017-10-04T13:50:31","guid":{"rendered":"http:\/\/cpsscba.org\/confluenciasvirtual\/?p=5705"},"modified":"2017-10-04T13:56:48","modified_gmt":"2017-10-04T13:56:48","slug":"baja-compulsiva-de-pensiones-no-contributivas-avances-legales","status":"publish","type":"post","link":"https:\/\/cpsscba.org\/confluenciasvirtual\/?p=5705","title":{"rendered":"BAJA COMPULSIVA DE PENSIONES NO CONTRIBUTIVAS: AVANCES LEGALES"},"content":{"rendered":"<p><strong>Ante el perjuicio provocado por el Estado Nacional por la baja compulsiva de Pensiones no contributivas a personas con discapacidad, necesarias para la cobertura de prestaciones sanitarias, educativas y sociales que facilitan su autonom\u00eda, al vivir de modo independiente, entre otros derechos, tal como lo propugna la Convenci\u00f3n Internacional de las personas con discapacidad de car\u00e1cter constitucional, el Colegio de Profesionales en Servicio Social de la Provincia de C\u00f3rdoba dispone:<\/strong><\/p>\n<p>Dar a conocer los avances del <a href=\"http:\/\/cpsscba.org\/confluenciasvirtual\/wp-content\/uploads\/2017\/10\/MODIFICACION-DE-EFECTO-MEDIDA-CAUTELAR-2.pdf\">RECURSO DE AMPARO<\/a> iniciado por la ASOCIACION REDI contra el Ministerio de DESARROLLO SOCIAL de la Naci\u00f3n &#8211; CAUSA N\u00ba 39031\/2017 &#8211; Fecha de firma: 22\/09\/2017:<\/p>\n<p>LA C\u00c1MARA FEDERAL DE LA SEGURIDAD SOCIAL, SALA II HA RESUELTO ESTA\u00a0MA\u00d1ANA MODIFICAR EL EFECTO CON QUE FUE CONCEDIDA LA MEDIDA CAUTELAR QUE\u00a0ORDENABA RESTABLECER LAS PENSIONES. POR TANTO, HASTA TANTO LA C\u00c1MARA SE\u00a0EXPIDA SOBRE LA LEGITIMACI\u00d3N DE ASOCIACI\u00d3N REDI QUE HA SIDO CUESTIONADA\u00a0POR EL ESTADO NACIONAL, LA MEDIDA CAUTELAR RECOBRA EFECTO Y EST\u00c1 EN\u00a0CONDICIONES DE SER EJECUTADA POR LOS BENEFICIARIOS.<\/p>\n<p><a href=\"http:\/\/cpsscba.org\/confluenciasvirtual\/wp-content\/uploads\/2017\/10\/MODIFICACION-DE-EFECTO-MEDIDA-CAUTELAR-2.pdf\">MODIFICACION DE EFECTO MEDIDA CAUTELAR (2)<\/a><\/p>\n<p>Informaci\u00f3n suministrada por REDI &#8211; Red por los derechos de las personas con discapacidad a la Mesa de Discapacidad y Derechos Humanos en la que participa el CPSSPC<\/p>\n<p>info@redi.org.ar\u00a0\u00a0 | \u00a0www.redi.org.ar<\/p>\n","protected":false},"excerpt":{"rendered":"<p>Ante el perjuicio provocado por el Estado Nacional por la baja compulsiva de Pensiones no contributivas a personas con discapacidad,<\/p>\n","protected":false},"author":1,"featured_media":5706,"comment_status":"open","ping_status":"open","sticky":false,"template":"","format":"standard","meta":{"footnotes":""},"categories":[33,14],"tags":[],"_links":{"self":[{"href":"https:\/\/cpsscba.org\/confluenciasvirtual\/index.php?rest_route=\/wp\/v2\/posts\/5705"}],"collection":[{"href":"https:\/\/cpsscba.org\/confluenciasvirtual\/index.php?rest_route=\/wp\/v2\/posts"}],"about":[{"href":"https:\/\/cpsscba.org\/confluenciasvirtual\/index.php?rest_route=\/wp\/v2\/types\/post"}],"author":[{"embeddable":true,"href":"https:\/\/cpsscba.org\/confluenciasvirtual\/index.php?rest_route=\/wp\/v2\/users\/1"}],"replies":[{"embeddable":true,"href":"https:\/\/cpsscba.org\/confluenciasvirtual\/index.php?rest_route=%2Fwp%2Fv2%2Fcomments&post=5705"}],"version-history":[{"count":3,"href":"https:\/\/cpsscba.org\/confluenciasvirtual\/index.php?rest_route=\/wp\/v2\/posts\/5705\/revisions"}],"predecessor-version":[{"id":5710,"href":"https:\/\/cpsscba.org\/confluenciasvirtual\/index.php?rest_route=\/wp\/v2\/posts\/5705\/revisions\/5710"}],"wp:featuredmedia":[{"embeddable":true,"href":"https:\/\/cpsscba.org\/confluenciasvirtual\/index.php?rest_route=\/wp\/v2\/media\/5706"}],"wp:attachment":[{"href":"https:\/\/cpsscba.org\/confluenciasvirtual\/index.php?rest_route=%2Fwp%2Fv2%2Fmedia&parent=5705"}],"wp:term":[{"taxonomy":"category","embeddable":true,"href":"https:\/\/cpsscba.org\/confluenciasvirtual\/index.php?rest_route=%2Fwp%2Fv2%2Fcategories&post=5705"},{"taxonomy":"post_tag","embeddable":true,"href":"https:\/\/cpsscba.org\/confluenciasvirtual\/index.php?rest_route=%2Fwp%2Fv2%2Ftags&post=5705"}],"curies":[{"name":"wp","href":"https:\/\/api.w.org\/{rel}","templated":true}]}}