{"id":5599,"date":"2017-07-11T15:11:05","date_gmt":"2017-07-11T15:11:05","guid":{"rendered":"http:\/\/cpsscba.org\/confluenciasvirtual\/?p=5599"},"modified":"2017-07-12T15:18:15","modified_gmt":"2017-07-12T15:18:15","slug":"se-conformo-una-mesa-de-dialogo-en-salud-y-justicia","status":"publish","type":"post","link":"https:\/\/cpsscba.org\/confluenciasvirtual\/?p=5599","title":{"rendered":"Se conform\u00f3 la mesa de dialogo en Salud y Justicia"},"content":{"rendered":"<p><span style=\"font-family: 'Arial','sans-serif';\">En el d\u00eda de ayer nuestro Colegio Profesional, junto al Colegio de Psic\u00f3logos y los asesores legales de ambos colegios, fueron recibidos en audiencia por la presidenta del TSJ, Dra. A\u00edda Tarditti, el Director de Servicios Judiciales, Dr. R\u00f3semberg, la Camarista Dra. Claudia Zalazar, el titular de la oficina de DDHH del Ministerio de Justicia, Dr. Wilfrido de Jes\u00fas P\u00e9rez y la defensora Dra. Elo\u00edsa Zacco.<\/span><\/p>\n<p><span style=\"font-family: 'Arial','sans-serif';\">El motivo fue la manifestaci\u00f3n desde ambos colegios, sobre\u00a0la profunda preocupaci\u00f3n por la situaci\u00f3n de vulneraci\u00f3n de derechos de los pacientes internados en el Hospital Emilio Vidal Aval y el incumplimiento de la Ley de salud mental, originadas por definiciones pol\u00edticas de la actual conducci\u00f3n de esa instituci\u00f3n.<\/span><\/p>\n<p><span style=\"font-family: 'Arial','sans-serif';\">Como resultado de este encuentro se conform\u00f3 una mesa de di\u00e1logo al respecto entre salud y justicia, con la participaci\u00f3n de ambos colegios,\u00a0que iniciar\u00e1 en Agosto.<\/span><\/p>\n","protected":false},"excerpt":{"rendered":"<p>En el d\u00eda de ayer nuestro Colegio Profesional, junto al Colegio de Psic\u00f3logos y los asesores legales de ambos colegios,<\/p>\n","protected":false},"author":1,"featured_media":5600,"comment_status":"open","ping_status":"open","sticky":false,"template":"","format":"standard","meta":{"footnotes":""},"categories":[14],"tags":[],"_links":{"self":[{"href":"https:\/\/cpsscba.org\/confluenciasvirtual\/index.php?rest_route=\/wp\/v2\/posts\/5599"}],"collection":[{"href":"https:\/\/cpsscba.org\/confluenciasvirtual\/index.php?rest_route=\/wp\/v2\/posts"}],"about":[{"href":"https:\/\/cpsscba.org\/confluenciasvirtual\/index.php?rest_route=\/wp\/v2\/types\/post"}],"author":[{"embeddable":true,"href":"https:\/\/cpsscba.org\/confluenciasvirtual\/index.php?rest_route=\/wp\/v2\/users\/1"}],"replies":[{"embeddable":true,"href":"https:\/\/cpsscba.org\/confluenciasvirtual\/index.php?rest_route=%2Fwp%2Fv2%2Fcomments&post=5599"}],"version-history":[{"count":4,"href":"https:\/\/cpsscba.org\/confluenciasvirtual\/index.php?rest_route=\/wp\/v2\/posts\/5599\/revisions"}],"predecessor-version":[{"id":5604,"href":"https:\/\/cpsscba.org\/confluenciasvirtual\/index.php?rest_route=\/wp\/v2\/posts\/5599\/revisions\/5604"}],"wp:featuredmedia":[{"embeddable":true,"href":"https:\/\/cpsscba.org\/confluenciasvirtual\/index.php?rest_route=\/wp\/v2\/media\/5600"}],"wp:attachment":[{"href":"https:\/\/cpsscba.org\/confluenciasvirtual\/index.php?rest_route=%2Fwp%2Fv2%2Fmedia&parent=5599"}],"wp:term":[{"taxonomy":"category","embeddable":true,"href":"https:\/\/cpsscba.org\/confluenciasvirtual\/index.php?rest_route=%2Fwp%2Fv2%2Fcategories&post=5599"},{"taxonomy":"post_tag","embeddable":true,"href":"https:\/\/cpsscba.org\/confluenciasvirtual\/index.php?rest_route=%2Fwp%2Fv2%2Ftags&post=5599"}],"curies":[{"name":"wp","href":"https:\/\/api.w.org\/{rel}","templated":true}]}}