{"id":5493,"date":"2017-04-25T23:26:43","date_gmt":"2017-04-25T23:26:43","guid":{"rendered":"http:\/\/cpsscba.org\/confluenciasvirtual\/?p=5493"},"modified":"2017-04-25T23:26:43","modified_gmt":"2017-04-25T23:26:43","slug":"por-que-no-bajar-la-edad-de-imputabilidad-de-adolescentes-y-jovenes","status":"publish","type":"post","link":"https:\/\/cpsscba.org\/confluenciasvirtual\/?p=5493","title":{"rendered":"\u00bfPor qu\u00e9 no  bajar la edad de imputabilidad de adolescentes y j\u00f3venes?"},"content":{"rendered":"<p>Organizada por La Facultad de Ciencias Sociales y Co-organizada por nuestro colegio profesional se realizar\u00e1 la Jornada sobre Ni\u00f1ez y Juventud, Seguridad y Derechos Humanos:\u00a0 <strong>Por qu\u00e9 no\u00a0 bajar la edad de imputabilidad de adolescentes y j\u00f3venes.<\/strong><\/p>\n<p>Esta jornada se realiza en el marco del Ciclo de Actividades en contra de la baja de edad de imputabilidad de Ni\u00f1os, Ni\u00f1as y Adolescentes, con la participaci\u00f3n de la Dra. Mary Beloff (UBA), la Dra. Valeria Plaza (UNC) y la Mgter. Mar\u00eda In\u00e9s Peralta (UNC). Se llevar\u00e1 a cabo el mi\u00e9rcoles 3 de mayo, de 15 a 19 hs., en el Aula de Biblioteca de la FCS, Av. Valpara\u00edso s\/n Ciudad Universitaria, y est\u00e1 dirigida a profesionales, estudiantes de posgrado y estudiantes avanzados de grado que intervienen y se forman en la tem\u00e1tica de Ni\u00f1ez y Juventud.<\/p>\n<p>Actividad gratuita con certificaci\u00f3n<\/p>\n<div>\n<p>Link de inscripci\u00f3n: <a href=\"http:\/\/trabajosocial.unc.edu.ar\/node\/2851\/register\" target=\"_blank\" rel=\"noopener noreferrer\" data-saferedirecturl=\"https:\/\/www.google.com\/url?hl=es&amp;q=http:\/\/trabajosocial.unc.edu.ar\/node\/2851\/register&amp;source=gmail&amp;ust=1493246540255000&amp;usg=AFQjCNEvl8OuTQzUbqwsoPfohgWDUHVy8Q\"> http:\/\/trabajosocial.unc.edu.a<wbr \/>r\/node\/2851\/register<\/a><\/p>\n<div class=\"m_-5837497247648300312gmail-yj6qo m_-5837497247648300312gmail-ajU\">\n<div id=\"m_-5837497247648300312gmail-:lj\" class=\"m_-5837497247648300312gmail-ajR\"><img decoding=\"async\" class=\"m_-5837497247648300312gmail-ajT CToWUd\" src=\"https:\/\/ci6.googleusercontent.com\/proxy\/RnNZfQn2o2xpggJQqefCOervMbPIci5mujDPJnvl43kv6Rtxjyh5gHN_JKVzeU-aaGz3pePFgxfoAAtZJZNx8mveVTc-11j98EfuAJVcumUenA=s0-d-e1-ft#https:\/\/ssl.gstatic.com\/ui\/v1\/icons\/mail\/images\/cleardot.gif\" \/><\/div>\n<\/div>\n<\/div>\n<div><\/div>\n","protected":false},"excerpt":{"rendered":"<p>Organizada por La Facultad de Ciencias Sociales y Co-organizada por nuestro colegio profesional se realizar\u00e1 la Jornada sobre Ni\u00f1ez y<\/p>\n","protected":false},"author":1,"featured_media":5502,"comment_status":"open","ping_status":"open","sticky":false,"template":"","format":"standard","meta":{"footnotes":""},"categories":[44,14],"tags":[],"_links":{"self":[{"href":"https:\/\/cpsscba.org\/confluenciasvirtual\/index.php?rest_route=\/wp\/v2\/posts\/5493"}],"collection":[{"href":"https:\/\/cpsscba.org\/confluenciasvirtual\/index.php?rest_route=\/wp\/v2\/posts"}],"about":[{"href":"https:\/\/cpsscba.org\/confluenciasvirtual\/index.php?rest_route=\/wp\/v2\/types\/post"}],"author":[{"embeddable":true,"href":"https:\/\/cpsscba.org\/confluenciasvirtual\/index.php?rest_route=\/wp\/v2\/users\/1"}],"replies":[{"embeddable":true,"href":"https:\/\/cpsscba.org\/confluenciasvirtual\/index.php?rest_route=%2Fwp%2Fv2%2Fcomments&post=5493"}],"version-history":[{"count":2,"href":"https:\/\/cpsscba.org\/confluenciasvirtual\/index.php?rest_route=\/wp\/v2\/posts\/5493\/revisions"}],"predecessor-version":[{"id":5503,"href":"https:\/\/cpsscba.org\/confluenciasvirtual\/index.php?rest_route=\/wp\/v2\/posts\/5493\/revisions\/5503"}],"wp:featuredmedia":[{"embeddable":true,"href":"https:\/\/cpsscba.org\/confluenciasvirtual\/index.php?rest_route=\/wp\/v2\/media\/5502"}],"wp:attachment":[{"href":"https:\/\/cpsscba.org\/confluenciasvirtual\/index.php?rest_route=%2Fwp%2Fv2%2Fmedia&parent=5493"}],"wp:term":[{"taxonomy":"category","embeddable":true,"href":"https:\/\/cpsscba.org\/confluenciasvirtual\/index.php?rest_route=%2Fwp%2Fv2%2Fcategories&post=5493"},{"taxonomy":"post_tag","embeddable":true,"href":"https:\/\/cpsscba.org\/confluenciasvirtual\/index.php?rest_route=%2Fwp%2Fv2%2Ftags&post=5493"}],"curies":[{"name":"wp","href":"https:\/\/api.w.org\/{rel}","templated":true}]}}