{"id":4987,"date":"2016-12-01T23:02:27","date_gmt":"2016-12-01T23:02:27","guid":{"rendered":"http:\/\/cpsscba.org\/confluenciasvirtual\/?p=4987"},"modified":"2016-12-03T23:05:21","modified_gmt":"2016-12-03T23:05:21","slug":"critica-situacion-de-las-condiciones-de-trabajo-de-profesionales-del-trabajo-social-de-la-argentina","status":"publish","type":"post","link":"https:\/\/cpsscba.org\/confluenciasvirtual\/?p=4987","title":{"rendered":"Cr\u00edtica situaci\u00f3n de las condiciones de trabajo de profesionales del Trabajo Social de la Argentina"},"content":{"rendered":"<p><a href=\"http:\/\/cpsscba.org\/confluenciasvirtual\/wp-content\/uploads\/2016\/12\/12963541_1110783605631641_2967717907178266765_n.jpg\"><img loading=\"lazy\" decoding=\"async\" class=\"size-full wp-image-4989 alignright\" alt=\"12963541_1110783605631641_2967717907178266765_n\" src=\"http:\/\/cpsscba.org\/confluenciasvirtual\/wp-content\/uploads\/2016\/12\/12963541_1110783605631641_2967717907178266765_n.jpg\" width=\"249\" height=\"202\" \/><\/a>La Federaci\u00f3n Argentina de Asociaciones Profesionales de Servicio Social reunidos en la cuarta reuni\u00f3n, declara el estado de alerta ante la cr\u00edtica situaci\u00f3n de las condiciones de trabajo de profesionales del Trabajo Social.<\/p>\n<p>Teniendo en cuenta, que las actuales condiciones de empleo de los profesionales se caracterizan por m\u00faltiples modalidades de contrataci\u00f3n los cuales son en su mayor\u00eda precarios e inestables (becas, monotributo, temporario, etc.) aumento del pluriempleo, flexibilizaci\u00f3n de la jornada de trabajo y modificaci\u00f3n de \u00e1reas de dependencia a las que los trabajadores sociales respond\u00edan en distintos ministerios nacionales y provinciales y \u00e1reas municipales, programas que se han cerrado o peligra su continuidad. Lo que consecuentemente genera despidos, inestabilidad e inseguridad en muchos profesionales. Con el avance de las medidas neoliberales se vulnera los derechos sociales. El Estado dise\u00f1a y ejecuta pol\u00edticas sociales focalizadas y descentralizadas reducidas hacia el combate de la pobreza, reforzando de esta manera una tendencia a dar respuestas individualizadas y fragmentadas con una creciente criminalizaci\u00f3n de la pobreza y a las protestas sociales. A su vez, hay una exigencia de pr\u00e1cticas regresivas tales como intervenciones moralizadoras, controladoras, represivas, burocratizadas e inmediatistas.<!--more--><\/p>\n<p>Los Colegios Profesionales manifestaron su preocupaci\u00f3n frente al avasallamiento de los derechos laborales y las precarias condiciones de ejercicio profesional en los diferentes espacios laborales.<\/p>\n<p>La Federaci\u00f3n observa con preocupaci\u00f3n la interrupci\u00f3n y el impedimento en los procesos de intervenci\u00f3n profesional ante la carencia de los recursos indispensables para garantizar un ejercicio profesional acorde a la complejidad de las situaciones que se presentan en nuestra pr\u00e1ctica cotidiana.<\/p>\n<p>Es importante destacar que estas alteraciones inciden en la calidad de atenci\u00f3n de amplios sectores de la poblaci\u00f3n, donde se ha relevado que diversas tareas propias de nuestra profesi\u00f3n est\u00e1n siendo realizadas por empleados sin preparaci\u00f3n alguna o por graduados no incluidos en la matriculaci\u00f3n establecida por la Ley Federal de Trabajo Social N\u00ba 27072.<\/p>\n<p>Frente a los procesos de precarizaci\u00f3n laboral, persecuciones y despidos arbitrarios, convocamos a una estrategia conjunta que potencie la defensa de los derechos laborales hist\u00f3ricamente conquistados.<\/p>\n","protected":false},"excerpt":{"rendered":"<p>La Federaci\u00f3n Argentina de Asociaciones Profesionales de Servicio Social reunidos en la cuarta reuni\u00f3n, declara el estado de alerta ante<\/p>\n","protected":false},"author":1,"featured_media":4989,"comment_status":"open","ping_status":"open","sticky":false,"template":"","format":"standard","meta":{"footnotes":""},"categories":[12],"tags":[],"_links":{"self":[{"href":"https:\/\/cpsscba.org\/confluenciasvirtual\/index.php?rest_route=\/wp\/v2\/posts\/4987"}],"collection":[{"href":"https:\/\/cpsscba.org\/confluenciasvirtual\/index.php?rest_route=\/wp\/v2\/posts"}],"about":[{"href":"https:\/\/cpsscba.org\/confluenciasvirtual\/index.php?rest_route=\/wp\/v2\/types\/post"}],"author":[{"embeddable":true,"href":"https:\/\/cpsscba.org\/confluenciasvirtual\/index.php?rest_route=\/wp\/v2\/users\/1"}],"replies":[{"embeddable":true,"href":"https:\/\/cpsscba.org\/confluenciasvirtual\/index.php?rest_route=%2Fwp%2Fv2%2Fcomments&post=4987"}],"version-history":[{"count":4,"href":"https:\/\/cpsscba.org\/confluenciasvirtual\/index.php?rest_route=\/wp\/v2\/posts\/4987\/revisions"}],"predecessor-version":[{"id":4990,"href":"https:\/\/cpsscba.org\/confluenciasvirtual\/index.php?rest_route=\/wp\/v2\/posts\/4987\/revisions\/4990"}],"wp:featuredmedia":[{"embeddable":true,"href":"https:\/\/cpsscba.org\/confluenciasvirtual\/index.php?rest_route=\/wp\/v2\/media\/4989"}],"wp:attachment":[{"href":"https:\/\/cpsscba.org\/confluenciasvirtual\/index.php?rest_route=%2Fwp%2Fv2%2Fmedia&parent=4987"}],"wp:term":[{"taxonomy":"category","embeddable":true,"href":"https:\/\/cpsscba.org\/confluenciasvirtual\/index.php?rest_route=%2Fwp%2Fv2%2Fcategories&post=4987"},{"taxonomy":"post_tag","embeddable":true,"href":"https:\/\/cpsscba.org\/confluenciasvirtual\/index.php?rest_route=%2Fwp%2Fv2%2Ftags&post=4987"}],"curies":[{"name":"wp","href":"https:\/\/api.w.org\/{rel}","templated":true}]}}