{"id":4822,"date":"2016-08-31T14:24:17","date_gmt":"2016-08-31T14:24:17","guid":{"rendered":"http:\/\/cpsscba.org\/confluenciasvirtual\/?p=4822"},"modified":"2017-03-14T19:56:46","modified_gmt":"2017-03-14T19:56:46","slug":"el-trabajo-social-es-una-cuestion-de-derechos-no-es-voluntariado","status":"publish","type":"post","link":"https:\/\/cpsscba.org\/confluenciasvirtual\/?p=4822","title":{"rendered":"EL TRABAJO SOCIAL ES UNA CUESTION DE DERECHOS NO ES VOLUNTARIADO"},"content":{"rendered":"<p>Margarita Barrientos, casada, madre de 10 hijos, vive en el barrio Villa Soldati en CABA. All\u00ed funciona el Comedor<br \/>\n\u201cLos Piletones\u201d que regentea desde 1996, seg\u00fan la pagina web (http:\/\/www.margaritabarrientos.com.ar\/).<\/p>\n<p>La sra. Barrientos conduce obras que integran al conocido comedor, la Sala de Atenci\u00f3n M\u00e9dica (1998), la Guarder\u00eda Infantil (2000); el Centro de Salud Angela Palmisano (2001), el Centro de D\u00eda para Abuelos (2002), la Biblioteca (2002) y la f\u00e1brica de Pasta (2003). De reciente creaci\u00f3n, es la huerta para cultivo de tomates hidrop\u00f3nicos dirigida a j\u00f3venes de la calle, seg\u00fan sus dichos recientes en el Programa \u201cIntratables\u201d (Am\u00e9rica TV). Adem\u00e1s de la intensa actividad barrial la militante del Pro, aquilata, reconocimientos a su persona y labor otorgados en CABA, su provincia de origen (Santiago del Estero), instituciones y organizaciones culturales, \u00e1mbitos gubernamentales, grupos de mujeres, Coas, Estado Mayor del Ej\u00e9rcito, municipios, empresas y gobiernos locales. Obtenidos entre 1997 y 2008, puede hipotetizarse que tanto la d\u00e9cada privatizadora de los ?90 como la crisis del a\u00f1o 2001 la hallaron activa, comprometida y reconocida figura p\u00fablica.<!--more--><br \/>\nNo ha realizado estudios universitarios, o al menos no figura entre sus antecedentes. Su presencia<br \/>\nnotoria y compromiso social hacen que sea convocada por diferentes medios televisivos y radiales,<br \/>\npor su condici\u00f3n de referente social, ya que con su presencia en el territorio brinda ayuda a personas<br \/>\nque lo requieren. Es posible, tambi\u00e9n que esta intensa actividad comunitaria aceche la confusi\u00f3n de<br \/>\nlas y los periodistas que la consultan y entrevistan con frecuencia.<\/p>\n<p>\u00bfEl medio es el mensaje?<\/p>\n<p>Hace pocos d\u00edas, luego de conocidos los datos sobre pobreza en la Rep\u00fablica Argentina elaborados<br \/>\npor el Observatorio de la UCA, la militante barrial fue consultada sobre el impacto de la pobreza en<br \/>\nlas barriadas de CABA. As\u00ed sucedi\u00f3 &#8211; o al menos eso cre\u00ed- hab\u00eda sucedido el viernes 12 de agosto<br \/>\nde 2016 en el programa \u201cIntratables\u201d. All\u00ed, al momento de ser saludada por el conductor Sr. Del Moro,<br \/>\nluc\u00eda el z\u00f3calo \u201cLa Trabajadora Social Margarita Barrientos&#8230;\u201d Presentada por el conductor: \u201cSos un<br \/>\nejemplo para muchos argentinos. Si muchos argentinos tomaran tu ejemplo esto ser\u00eda un pa\u00eds de<br \/>\nprimera.\u201d Preguntada sobre la cotidianeidad social respondi\u00f3:\u201d Hay mucha desocupaci\u00f3n\u201d, ratificando<br \/>\nel informe de la UCA. Asinti\u00f3 acerca de la pobreza y se\u00f1al\u00f3 que concurren diariamente al Comedor<br \/>\nLos Piletones 2600 personas para desayunar almorzar y comer y apunt\u00f3: \u201ctienen que salir las obras<br \/>\npara tener trabajo digno\u201d.<\/p>\n<p>Conocedora de las necesidades y problemas sociales no s\u00f3lo vinculados a la falta de alimento, la<br \/>\norganizaci\u00f3n que conduce la Sra. Margarita Barrientos incluye una variedad de servicios para ni\u00f1@s,<br \/>\nadolescentes y familias, entre los cuales cabe citar el Centro de Salud que indica prestar servicios am\u00e1s de 1500 personas por mes en los servicios de Pediatr\u00eda, Cl\u00ednica M\u00e9dica, Odontolog\u00eda,<br \/>\nGinecolog\u00eda y Enfermer\u00eda. La asistencia en el Centro De Salud se complementa con el dictado &#8211;<br \/>\nsiempre seg\u00fan la fuente consultada- \u201cadolescentes y psic\u00f3logos\u201d, con charlas de \u201cprevenci\u00f3n sexual\u201d\u00a0 \u201cdrogadicci\u00f3n\u201d, \u201cembarazo adolescente\u201d y \u201cestimulaci\u00f3n temprana\u201d (www.margaritabarrientos.com.ar).<br \/>\nReconocida entonces la multiplicidad de acciones alimentarias, nutricionales, de prevenci\u00f3n y educaci\u00f3n en ese universo que rodea la intensa actividad benefactora de la Sra. Barrientos, sorprenden doblemente sus declaraciones acerca de la intencionalidad de las adolescentes argentinas por embarazarse para percibir, lo que la militante territorial del macrismo, Sra. Barrientos, llama \u201csalario universal\u201d, que no es un \u201cplan social\u201d ni es una \u201cpaga o remuneraci\u00f3n regular\u201d o \u201ccantidad de dinero con que se retribuye a los trabajadores por cuenta ajena\u201d seg\u00fan define el<br \/>\ndiccionario de la Real Academia Espa\u00f1ola (RAE; www.rae.es).<\/p>\n<p>La asignaci\u00f3n universal por embarazo (AUE), la asignaci\u00f3n universal por hijo (AUH), concebida como derecho y como pol\u00edtica de estado desde el a\u00f1o 2009 no es erogaci\u00f3n salarial, aunque si es flujo regular de dinero. Asignaci\u00f3n implica -siguiendo a la RAE- \u201ccantidad se\u00f1alada por sueldo o por otro concepto\u201d que puede ser el deber estatal, la obligaci\u00f3n gubernamental de proteger a aquellos y aquellas que se encuentran en condici\u00f3n de recibirla: l@s ni\u00f1@s de la patria, embarazadas (casadas o no, en pareja o no, en concubinato o no).<\/p>\n<p>No abundar\u00e9 aqu\u00ed acerca de los m\u00faltiples, diversos, simples y\/o complejos, -cr\u00edticos y no tanto- estudios de esta pol\u00edtica p\u00fablica, sus caracter\u00edsticas, sus condiciones, su impacto familiar, social y comunitario (Danani, Hintze (2014); Agis et all.(2009); Arcidi\u00e1cono (2012); Mazzola (2012); Garc\u00e9s (2015) Aqu\u00edn (2014) y otros obrantes en la literatura acad\u00e9mica de pol\u00edticas emitidas en los \u00faltimos diez a\u00f1os. Tampoco remitir\u00e9 a las aplicaciones y dict\u00e1menes judiciales acerca de los derechos de las ciudadanas detenidas en unidades penales y la percepci\u00f3n de AUH y AUE, porque m\u00e1s que interpretaciones prefiero compartir impresiones vertidas por entrevistadas receptoras de AUH y AUE, en grupos focales realizados en las provincias de San Luis, Corrientes y Tucum\u00e1n entre los a\u00f1os 2011 y 2014 (UBACyT 2011-14 \u201cLos derechos sociales de ni\u00f1os, ni\u00f1as, adolescentes y familias en tres provincias argentinas: modificaciones en las pol\u00edticas, las intervenciones institucionales y la organizaci\u00f3n familiar\u201d, dirigido por quien esto firma), trabajados en la ponencia \u201cImpactos Subjetivos de dos programas de protecci\u00f3n social: La AUH y Jovenes por M\u00e1s y Mejor Trabajo\u201d, presentada a un evento internacional desarrollado en la Universidad Nacional de C\u00f3rdoba en noviembre del a\u00f1o 2013 (www.conferencias.un.edu.ar\/index.php\/presentaciones), para que entre otras, la Sra. Barrientos, pueda superar la barrera del prejuicio y la estigmatizaci\u00f3n que le imponen algunas reflexiones dominantes.<\/p>\n<p>Las citas textuales de la entrevista televisiva realizada a la Sra. Barrientos, reproducidas por diversos<br \/>\nmedios (La Naci\u00f3n, Radio Mitre y Radio el Mundo): \u201chay m\u00e1s gente en la calle, en los comedores ym\u00e1s desocupados\u201d, para agregar luego que: \u201cLos planes sociales deber\u00edan fomentar la capacitaci\u00f3n de las mujeres porque muchas veces \u201cse embarazan por los planes\u201d, merecen algunas reflexiones de mi parte. Los estudios realizados por la Profesora Laura Velazco, representante de Mumal\u00e1 (Mujeres de la Matria Latinoamericana), indican que a julio 2016 sobre 200 j\u00f3venes, de 16 a 18 a\u00f1os y \u201cA diez a\u00f1os de la sanci\u00f3n de las Leyes de Educaci\u00f3n Sexual Integral, en la Ciudad A. de Buenos Aires uno de cada tres adolescentes no tuvo ESI en su secundaria y el resto s\u00f3lo curs\u00f3 en promedio dos horas al a\u00f1o,\u00a0 mayormente en clases de biolog\u00eda cuando deber\u00eda ser transversal a todas las materias. Los escasos contenidos de ESI que se imparten en las escuelas porte\u00f1as tienen una orientaci\u00f3n biologicista\u201d. La Profesora Velazco representa a la organizaci\u00f3n citada en la Legislatura porte\u00f1a y es referente del Movimiento Libres del Sur y lo que concluye es que la formaci\u00f3n en educaci\u00f3n sexual recibida por las y los adolescentes en CABA (distrito en que la Sra. Barrientos desarrolla su actividad social) dista de ser la adecuada en la escuela secundaria y por \u00faltimo: las y los adolescentes de la Ciudad Aut\u00f3noma recibir\u00edan esta formaci\u00f3n siempre y cuando accedieran a la escuela secundaria. Recordemos que el Plan FINes ha sido desactivado en muchos distritos del pa\u00eds, y por lo tanto, la inclusi\u00f3n escolar secundaria no es sencilla para adolescent@s vulnerados de esta Ciudad Aut\u00f3noma.<\/p>\n<p>Vuelvo a los dichos repetidos por los medios la semana pasada. La militante barrial de CABA lo categoriza \u201csalario universal\u201d, y lo califica como \u201cmuy bueno\u201d, para luego se\u00f1alar que \u201cm\u00e1s es necesario el trabajo digno \u201cpara terminar con los planes\u201d. Indica en tono reflexivo que s\u00ed escuch\u00f3 opiniones que afirmaban esta presunci\u00f3n acerca del embarazo: \u201dEn un momento cuando hab\u00eda salido el salario universal empec\u00e9 a pensar, empec\u00e9 a ver que eso pasaba, que era cierto que las chicas j\u00f3venes se embarazan para cobrar el salario universal\u201d. \u201cEs muy triste pero en el tercer o cuarto mes de embarazo iban a cobrar un salario miserable. Es muy triste. Lo hacen adrede. Es muy triste pero real\u201d.<\/p>\n<p>Me pregunto: \u00bfen esas poblaciones beneficiadas por una pol\u00edtica p\u00fablica no hay deseo previo de hijo? \u00bfNo hay deseo de pareja? \u00bfTampoco son ciudadanas con derechos? \u00bfS\u00f3lo les importa percibir una moneda? Todo se resume en \u201cla pobre moral de los \u201cpobres\u201d. En este caso: \u00bfEllas adolescentes pobres sin autonom\u00eda ni derechos? \u00bfNi ni\u00f1os con alternativas de un mejor futuro? \u00bfS\u00f3lo pobres vergonzantes asistidos con comida en espera de trabajo digno o trabajo que dignifique? Y, en relaci\u00f3n al mensaje, siguiendo a Marshall McLuhan \u00bfel medio es el mensaje? \u00bfLa se\u00f1ora Barrientos es el medio?<\/p>\n<p>El Trabajo Social y la promoci\u00f3n de los derechos<\/p>\n<p>La percepci\u00f3n y juicio valorativo difundido por la militante territorial del PRO \u00bfes compartido con las<br \/>\npersonas que concurren al Comedor los Piletones, a la Sala de Salud, a la Biblioteca, al Hogar de<br \/>\nD\u00eda para abuelos? \u00bfQu\u00e9 dicen, qu\u00e9 sienten tanto los asistidos como las y los voluntarios que trabajanen la Fundaci\u00f3n Los Piletones, las empresas que colaboran con la obra que desarrolla la Fundaci\u00f3n?<\/p>\n<p>\u00bfQu\u00e9 opinan las autoridades comunales de CABA?<\/p>\n<p>La versi\u00f3n moralizante de este discurso que ya tuvo otros expositores: el dirigente radical Ernesto<br \/>\nRicardo Sanz, el m\u00e9dico Juli\u00e1n Dindart, diputado por el Partido Radical de Corrientes, quien debi\u00f3<br \/>\nrenunciar a la presidencia de la Comisi\u00f3n de Familia, Mujer, Ni\u00f1ez y Adolescencia del Congreso<br \/>\nNacional (Clar\u00edn, 2.6.2016), por opiniones similares a las difundidas por la Sra. Margarita Barrientos.<br \/>\nAmbos se disculparon a su modo, m\u00e1s sus valoraciones moralizadoras y estigmatizantes de<br \/>\nciudadanas mujeres j\u00f3venes a la vez que degradan pol\u00edticas estatales consensuadas, confunden<br \/>\nderecho con moral, seguridad social con clientelismo, pobreza con ciudadan\u00eda sin ciertos derechos.<\/p>\n<p>En el conjuro que no existen casualidades sino causalidades, incluyo el siguiente suceso: ese mismo<br \/>\n12 de agosto se realiz\u00f3 en la Ciudad Aut\u00f3noma de Buenos Aires, el acto tendiente a lograr la<br \/>\nAdhesi\u00f3n de la Legislatura a la Ley Federal de Trabajo Social N 27.072\/14, a la que el Partido Pro-<br \/>\nCambiemos no vot\u00f3 en el Congreso Nacional al momento de su tratamiento. Justamente esta ley<br \/>\nreconoce, caracteriza y determina: i. el ejercicio profesional del Trabajo Social en todo el territorio<br \/>\nnacional, ii. el uso del t\u00edtulo profesional, iii. sus incumbencias y iv.derechos y obligaciones. Recalca<br \/>\nen el art\u00edculo 9\u00b0 la defensa, reivindicaci\u00f3n y promoci\u00f3n del ejercicio efectivo de los derechos humanos<br \/>\ny sociales como fundamento propio de la disciplina, no da lugar a intervenciones neo filantr\u00f3picas<br \/>\norientadas a disminuir o sobrellevar la pobreza sin el reconocimiento de derechos ciudadanos y<br \/>\nsociales.<\/p>\n<p>Asegurar el derecho a la asignaci\u00f3n universal por embarazo y la asignaci\u00f3n universal por hijo son<br \/>\ndi\u00e1logos entre el estado y la sociedad, que las y los Trabajadores Sociales por ley promovemos en<br \/>\nel trabajo diario en el territorio nacional, sea cual fuere la inserci\u00f3n profesional.<\/p>\n<p>Maria Felicitas Elias<br \/>\nProfesora e Investigadora-Fsoc,Uba<br \/>\nmfeliasppss@sociales.uba.ar<br \/>\nBuenos Aires, 22 de agosto de 2016<\/p>\n","protected":false},"excerpt":{"rendered":"<p>Margarita Barrientos, casada, madre de 10 hijos, vive en el barrio Villa Soldati en CABA. All\u00ed funciona el Comedor \u201cLos<\/p>\n","protected":false},"author":1,"featured_media":0,"comment_status":"open","ping_status":"open","sticky":false,"template":"","format":"standard","meta":{"footnotes":""},"categories":[13],"tags":[],"_links":{"self":[{"href":"https:\/\/cpsscba.org\/confluenciasvirtual\/index.php?rest_route=\/wp\/v2\/posts\/4822"}],"collection":[{"href":"https:\/\/cpsscba.org\/confluenciasvirtual\/index.php?rest_route=\/wp\/v2\/posts"}],"about":[{"href":"https:\/\/cpsscba.org\/confluenciasvirtual\/index.php?rest_route=\/wp\/v2\/types\/post"}],"author":[{"embeddable":true,"href":"https:\/\/cpsscba.org\/confluenciasvirtual\/index.php?rest_route=\/wp\/v2\/users\/1"}],"replies":[{"embeddable":true,"href":"https:\/\/cpsscba.org\/confluenciasvirtual\/index.php?rest_route=%2Fwp%2Fv2%2Fcomments&post=4822"}],"version-history":[{"count":4,"href":"https:\/\/cpsscba.org\/confluenciasvirtual\/index.php?rest_route=\/wp\/v2\/posts\/4822\/revisions"}],"predecessor-version":[{"id":5369,"href":"https:\/\/cpsscba.org\/confluenciasvirtual\/index.php?rest_route=\/wp\/v2\/posts\/4822\/revisions\/5369"}],"wp:attachment":[{"href":"https:\/\/cpsscba.org\/confluenciasvirtual\/index.php?rest_route=%2Fwp%2Fv2%2Fmedia&parent=4822"}],"wp:term":[{"taxonomy":"category","embeddable":true,"href":"https:\/\/cpsscba.org\/confluenciasvirtual\/index.php?rest_route=%2Fwp%2Fv2%2Fcategories&post=4822"},{"taxonomy":"post_tag","embeddable":true,"href":"https:\/\/cpsscba.org\/confluenciasvirtual\/index.php?rest_route=%2Fwp%2Fv2%2Ftags&post=4822"}],"curies":[{"name":"wp","href":"https:\/\/api.w.org\/{rel}","templated":true}]}}