{"id":47,"date":"2011-07-02T10:27:09","date_gmt":"2011-07-02T10:27:09","guid":{"rendered":"http:\/\/confluenciasvirtual.wordpress.com\/?p=47"},"modified":"2011-07-02T10:27:09","modified_gmt":"2011-07-02T10:27:09","slug":"saludo-del-dia-del-trabajador-social","status":"publish","type":"post","link":"https:\/\/cpsscba.org\/confluenciasvirtual\/?p=47","title":{"rendered":"SALUDO DEL DIA DEL TRABAJADOR SOCIAL"},"content":{"rendered":"<p><img loading=\"lazy\" decoding=\"async\" class=\"alignright\" title=\"banner colegio\" src=\"http:\/\/www.cpsscba.org\/Imagenes\/Vista%20Bannner.jpg\" alt=\"\" width=\"140\" height=\"279\" \/>Laboralmente y en todas las jurisdicciones en las que nos desempe\u00f1amos, los Trabajadores Sociales hist\u00f3ricamente hemos participado activamente en todo el amplio espectro de las Pol\u00edticas Sociales.Como profesionales, en incontables ocasiones hemos intervenido y pugnado obstinadamente por la trasformaci\u00f3n de la realidad, impulsando pol\u00edticas locales integrales y con equidad.<\/p>\n<p>Cuando nuestros planteos fueron desconocidos y nuestras manifestaciones reiteradamente rechazadas o desprovistas de recursos, algunos sostuvieron su labor confrontando tozudamente con autoridades de distinto signo y otros, afortunadamente los menos, optaron por la resignaci\u00f3n, el silencio c\u00f3mplice y finalmente el sometimiento funcional a pol\u00edticas asistencialistas de turno.<\/p>\n<p><!--more--><\/p>\n<p>En estos \u00faltimos a\u00f1os, principalmente desde el Gobierno Nacional se emprendi\u00f3 el camino de la recuperaci\u00f3n pol\u00edtica, social y econ\u00f3mica del pa\u00eds de la mano de un Estado activo, presente y promotor del desarrollo inclusivo y con justicia social.<\/p>\n<p>Este presente, es una ocasi\u00f3n concreta para reflexionar individual y colectivamente acerca de Pol\u00edticas Sociales, ciudadan\u00eda y justicia social, una oportunidad para replantear nuestras pr\u00e1cticas sociales y modificar el sentido de nuestra mirada, dise\u00f1os y gestiones y para reconsiderar la direcci\u00f3n de la intervenci\u00f3n profesional del Trabajo Social.<\/p>\n<p>Es una oportunidad, pero fundamentalmente un desaf\u00edo, porque nos genera gran expectativa el desarrollo progresivo de Pol\u00edticas Sociales Estatales de car\u00e1cter universal, promovidas desde enfoques de derechos ciudadanos y justicia social, principalmente en el marco del Estado Nacional y con proyecci\u00f3n a la jurisdicci\u00f3n provincial y municipal.<\/p>\n<p>Es una oportunidad, pero fundamentalmente un desaf\u00edo, porque nos motiva favorablemente, las resientes aprobaciones de Leyes Nacionales y Provinciales en el marco de nuevos paradigmas, que ponen en cuesti\u00f3n y derrumban modelos tradicionales y visiones hegem\u00f3nicas, situando inclusiva y democr\u00e1ticamente a los habitantes de nuestro Pueblo como poseedores de Derechos.<\/p>\n<p>Es una oportunidad, pero fundamentalmente un desaf\u00edo, porque saludamos con entusiasmo la inclusi\u00f3n laboral y reconocimiento disciplinario que recibe destacadamente nuestra Profesi\u00f3n en Entidades P\u00fablicas Nacionales e Instituciones en las que se desarrollan Pol\u00edticas Sociales derivadas del Estado Nacional y aguardamos con esperanza que se reproduzca este criterio en la jurisdicci\u00f3n provincial y municipal.<\/p>\n<p>Estos DESAF\u00cdOS, deben ser motivo de aguda atenci\u00f3n y dedicaci\u00f3n para todo el Colectivo Profesional, si pretendemos que cada vez m\u00e1s, en el futuro venidero y con posibilidades ciertas, se visibilice, revalorice, consolide e incluya protag\u00f3nica y jer\u00e1rquicamente a los Trabajadores Sociales en la agenda pol\u00edtica y social de los gobiernos locales y de la ciudadan\u00eda toda.<\/p>\n<p>Queridos COLEGAS, considerando que el 2 DE JULIO, se conmemora una nueva evocaci\u00f3n del D\u00cdA DEL TRABAJADOR SOCIAL, no puedo menos que desearles interminable alegr\u00eda por esta nueva celebraci\u00f3n y por haber escogido como carrera, a una labor de profunda vinculaci\u00f3n con las personas y su b\u00fasqueda de dignidad.<\/p>\n<p>FELICIDADES, por haber escogido como carrera, a la m\u00e1s hermosa profesi\u00f3n que existe.<\/p>\n<p style=\"text-align:right;\"><strong>Lic. RA\u00daL ENRIQUE PRADO<\/strong><\/p>\n<p style=\"text-align:right;\"><strong>PRESIDENTE<\/strong><\/p>\n<p style=\"text-align:right;\"><strong>Colegio de Profesionales en Servicio Social de C\u00f3rdoba<\/strong><\/p>\n","protected":false},"excerpt":{"rendered":"<p>Laboralmente y en todas las jurisdicciones en las que nos desempe\u00f1amos, los Trabajadores Sociales hist\u00f3ricamente hemos participado activamente en todo<\/p>\n","protected":false},"author":1,"featured_media":0,"comment_status":"open","ping_status":"open","sticky":false,"template":"","format":"standard","meta":{"footnotes":""},"categories":[14],"tags":[87],"_links":{"self":[{"href":"https:\/\/cpsscba.org\/confluenciasvirtual\/index.php?rest_route=\/wp\/v2\/posts\/47"}],"collection":[{"href":"https:\/\/cpsscba.org\/confluenciasvirtual\/index.php?rest_route=\/wp\/v2\/posts"}],"about":[{"href":"https:\/\/cpsscba.org\/confluenciasvirtual\/index.php?rest_route=\/wp\/v2\/types\/post"}],"author":[{"embeddable":true,"href":"https:\/\/cpsscba.org\/confluenciasvirtual\/index.php?rest_route=\/wp\/v2\/users\/1"}],"replies":[{"embeddable":true,"href":"https:\/\/cpsscba.org\/confluenciasvirtual\/index.php?rest_route=%2Fwp%2Fv2%2Fcomments&post=47"}],"version-history":[{"count":0,"href":"https:\/\/cpsscba.org\/confluenciasvirtual\/index.php?rest_route=\/wp\/v2\/posts\/47\/revisions"}],"wp:attachment":[{"href":"https:\/\/cpsscba.org\/confluenciasvirtual\/index.php?rest_route=%2Fwp%2Fv2%2Fmedia&parent=47"}],"wp:term":[{"taxonomy":"category","embeddable":true,"href":"https:\/\/cpsscba.org\/confluenciasvirtual\/index.php?rest_route=%2Fwp%2Fv2%2Fcategories&post=47"},{"taxonomy":"post_tag","embeddable":true,"href":"https:\/\/cpsscba.org\/confluenciasvirtual\/index.php?rest_route=%2Fwp%2Fv2%2Ftags&post=47"}],"curies":[{"name":"wp","href":"https:\/\/api.w.org\/{rel}","templated":true}]}}