{"id":4488,"date":"2016-04-04T21:13:03","date_gmt":"2016-04-04T21:13:03","guid":{"rendered":"http:\/\/cpsscba.org\/confluenciasvirtual\/?p=4488"},"modified":"2016-04-04T23:13:12","modified_gmt":"2016-04-04T23:13:12","slug":"equipo-de-trabajo-en-violencia-institucional","status":"publish","type":"post","link":"https:\/\/cpsscba.org\/confluenciasvirtual\/?p=4488","title":{"rendered":"Equipo de trabajo en violencia institucional"},"content":{"rendered":"<p><a href=\"http:\/\/cpsscba.org\/confluenciasvirtual\/wp-content\/uploads\/2016\/04\/Violencia-Institucional.jpg\"><img loading=\"lazy\" decoding=\"async\" class=\"aligncenter size-full wp-image-4526\" alt=\"Violencia Institucional\" src=\"http:\/\/cpsscba.org\/confluenciasvirtual\/wp-content\/uploads\/2016\/04\/Violencia-Institucional.jpg\" width=\"604\" height=\"400\" srcset=\"https:\/\/cpsscba.org\/confluenciasvirtual\/wp-content\/uploads\/2016\/04\/Violencia-Institucional.jpg 604w, https:\/\/cpsscba.org\/confluenciasvirtual\/wp-content\/uploads\/2016\/04\/Violencia-Institucional-300x198.jpg 300w\" sizes=\"(max-width: 604px) 100vw, 604px\" \/><\/a>En diciembre del a\u00f1o pasado el CPSSPC firm\u00f3 un Convenio con el Rector de la UNC, \u00a0\u00a0Dr. Tamarit, \u00a0junto al Colegio de Psic\u00f3logos y de Abogados, para el abordaje interdisciplinario de casos de Violencia Institucional.<\/p>\n<p>En tal sentido desde el mes de marzo se conform\u00f3 en nuestro colegio un equipo de trabajo para encarar los \u00a0proyectos y acciones que se derivaran. El mismo esta Coordinado por la Lic. Silvina Fajreldine e integrado por \u00a0los\/as Lic. Facundo De La Vega, \u00a0Iv\u00f3n Lezcke, Mariela Garc\u00eda , siendo nexos con el Consejo Directivo Lic. Mar\u00eda Leonor Pepe y Lic. Mar\u00eda Ang\u00e9lica Paviolo.<\/p>\n<p>El equipo se encuentra en una etapa de estudio y an\u00e1lisis del \u00a0abordaje de la conflictividad ligada al uso de la fuerza por parte del Estado y la vulneraci\u00f3n de derechos. Y tambi\u00e9n \u00a0trabajando en representaci\u00f3n de la Instituci\u00f3n, \u00a0y en modo\u00a0 coordinado con los otros actores firmantes del Convenio,\u00a0 en el \u00e1mbito del Observatorio de DDHH de la UNC, \u00a0\u00a0la\u00a0 elaboraci\u00f3n de un programa de formaci\u00f3n para el abordaje interdisciplinario de v\u00edctimas y familiares en casos de violencia institucional desde m\u00faltiples perspectivas, as\u00ed como\u00a0 otras posibles acciones.<\/p>\n<p>El equipo\u00a0 funciona con frecuencia quincenal los dias jueves, de 16 a 19, asistiendo a reuniones interinstitucionales los martes.<\/p>\n","protected":false},"excerpt":{"rendered":"<p>En diciembre del a\u00f1o pasado el CPSSPC firm\u00f3 un Convenio con el Rector de la UNC, \u00a0\u00a0Dr. Tamarit, \u00a0junto al<\/p>\n","protected":false},"author":1,"featured_media":4526,"comment_status":"open","ping_status":"open","sticky":false,"template":"","format":"standard","meta":{"footnotes":""},"categories":[11,14],"tags":[],"_links":{"self":[{"href":"https:\/\/cpsscba.org\/confluenciasvirtual\/index.php?rest_route=\/wp\/v2\/posts\/4488"}],"collection":[{"href":"https:\/\/cpsscba.org\/confluenciasvirtual\/index.php?rest_route=\/wp\/v2\/posts"}],"about":[{"href":"https:\/\/cpsscba.org\/confluenciasvirtual\/index.php?rest_route=\/wp\/v2\/types\/post"}],"author":[{"embeddable":true,"href":"https:\/\/cpsscba.org\/confluenciasvirtual\/index.php?rest_route=\/wp\/v2\/users\/1"}],"replies":[{"embeddable":true,"href":"https:\/\/cpsscba.org\/confluenciasvirtual\/index.php?rest_route=%2Fwp%2Fv2%2Fcomments&post=4488"}],"version-history":[{"count":5,"href":"https:\/\/cpsscba.org\/confluenciasvirtual\/index.php?rest_route=\/wp\/v2\/posts\/4488\/revisions"}],"predecessor-version":[{"id":4490,"href":"https:\/\/cpsscba.org\/confluenciasvirtual\/index.php?rest_route=\/wp\/v2\/posts\/4488\/revisions\/4490"}],"wp:featuredmedia":[{"embeddable":true,"href":"https:\/\/cpsscba.org\/confluenciasvirtual\/index.php?rest_route=\/wp\/v2\/media\/4526"}],"wp:attachment":[{"href":"https:\/\/cpsscba.org\/confluenciasvirtual\/index.php?rest_route=%2Fwp%2Fv2%2Fmedia&parent=4488"}],"wp:term":[{"taxonomy":"category","embeddable":true,"href":"https:\/\/cpsscba.org\/confluenciasvirtual\/index.php?rest_route=%2Fwp%2Fv2%2Fcategories&post=4488"},{"taxonomy":"post_tag","embeddable":true,"href":"https:\/\/cpsscba.org\/confluenciasvirtual\/index.php?rest_route=%2Fwp%2Fv2%2Ftags&post=4488"}],"curies":[{"name":"wp","href":"https:\/\/api.w.org\/{rel}","templated":true}]}}