{"id":4441,"date":"2016-02-20T00:49:02","date_gmt":"2016-02-20T00:49:02","guid":{"rendered":"http:\/\/cpsscba.org\/confluenciasvirtual\/?p=4441"},"modified":"2016-02-23T01:19:15","modified_gmt":"2016-02-23T01:19:15","slug":"bibliografia-de-examen-unico-de-residencia-de-trabajo-social-2016","status":"publish","type":"post","link":"https:\/\/cpsscba.org\/confluenciasvirtual\/?p=4441","title":{"rendered":"BIBLIOGRAFIA DE EXAMEN \u00daNICO DE RESIDENCIA DE TRABAJO SOCIAL- 2016"},"content":{"rendered":"<p><b>Residencia: Lista Bibliogr\u00e1fica actualizada, para concursar en el llamado a selecci\u00f3n de residentes de Salud de la provincia de C\u00f3rdoba &#8211; 2016<\/b><\/p>\n<p><b><a href=\"http:\/\/www.cba.gov.ar\/wp-content\/4p96humuzp\/2012\/05\/Llamado-a-Residencias-unificado-a%C3%B1o-2016.pdf\" target=\"_blank\">Descarga aqu\u00ed el PDF de la convocatoria.<\/a><!--more--><b><\/b><\/b><\/p>\n<p><b><b>Lista Bibliogr\u00e1fica <\/b><br \/>\n<\/b><\/p>\n<p><b>ALC\u00c1NTARA MORENO, Gustavo <\/b>(2008): \u201cLa Definici\u00f3n de Salud de la Organizaci\u00f3n Mundial de la Salud y la Interdisciplinariedad\u201d en <i>Sapiens<\/i>, Vol. 9, N\u00b01, junio. Universidad Pedag\u00f3gica Experimental Libertador Caracas, Venezuela. Pp. 93-107.<\/p>\n<p><b>ALDAY, Mar\u00eda. A. y Otros <\/b>(2013)<b>: <\/b>\u201cEl Trabajo Social en el Servicio de Justicia. Aportes desde y para la Intervenci\u00f3n\u201d. C\u00e1p. VII: Violencia en la Familia. C\u00e1tedra de Derecho y Constituci\u00f3n de las Instituciones y Seminario de Derechos Espec\u00edficos.<\/p>\n<p><b>ALDAY, Mar\u00eda. A. y Otros <\/b>(2013)<b>: <\/b>\u201cEl Trabajo Social en el Servicio de Justicia. Aportes desde y para la Intervenci\u00f3n\u201d. C\u00e1p. IX El Fin del Comienzo. C\u00e1tedra de Derecho y Constituci\u00f3n de las Instituciones y Seminario de Derechos Espec\u00edficos.<\/p>\n<p><b>ANDER-EGG, Ezequiel<\/b> (1977): \u201cT\u00e9cnicas de Investigaci\u00f3n Social\u201d. Ed. Humanitas. Bs. As.<\/p>\n<p><b>AQUIN, Nora <i>et al<\/i> <\/b>(2014): \u201cTeor\u00eda, Espacio y Estrategia de Intervenci\u00f3n II\u201d Apuntes de C\u00e1tedra. Escuela De Trabajo Social. U N C\u00f3rdoba.<\/p>\n<p><b>AQUIN, Nora<\/b> (2000): \u201cLa Actualidad del Trabajo Social: Neo filantrop\u00eda o Ciudadan\u00eda\u201d en <i>Revista Confluencias. <\/i>Colegio de Profesionales de Servicio Social de la Provincia de C\u00f3rdoba. A\u00f1o 8. N\u00b035.\u00a0\u00a0<b><br \/>\n<\/b><\/p>\n<p><b>AQUIN Nora<\/b> (1995): \u201cAcerca del Objeto del Trabajo Social\u201d en <i>Revista Acto Social<\/i>, A\u00f1o IV, N\u00b010.\u00a0 Febrero. Pp. 21-30.<\/p>\n<p><b>BARG, Liliana <\/b>(2003): <i>Los V\u00ednculos Familiares:<\/i><i> <\/i><i>Reflexiones desde la Pr\u00e1ctica Profesional. Editorial Espacio. Buenos Aires.<\/i><b><br \/>\n<\/b><\/p>\n<p><b>BOURDIEU, Pierre<\/b> (2008): <i>Capital Cultural, Escuela y Espacio Social<\/i>. Editorial Siglo XXI.<b><br \/>\n<\/b><\/p>\n<p><b>BOURDIEU,<\/b> <b>Pierre<\/b> (1997): <i>Razones Pr\u00e1cticas. Sobre la Teor\u00eda de la Acci\u00f3n<\/i>\u201d. Anagrama. Barcelona. Pp. 91-138.<\/p>\n<p><b>BOURDIEU,<\/b> <b>Pierre<\/b> <b>y WACQUANT, Lo\u00efc <\/b>(1995): <i>\u201cRespuestas. Por una Antropolog\u00eda Reflexiva\u201d<\/i>. Editorial Grijalbo. M\u00e9xico. Pp. 41-99.<\/p>\n<p><b>BOURDIEU, Pierre<\/b> (1988):\u00a0<i>Cosas Dichas<\/i>.\u00a0Editorial Gedisa: Buenos Aires.<\/p>\n<p><b>BOURDIEU, Pierre<\/b> (1976): <i>El Oficio de Soci\u00f3logo<\/i>. Siglo XXI. Canillas. Pp. 27-81.<b><br \/>\n<\/b><\/p>\n<p><b>BURIJOVICH, Jacinta y ASSE, Ivan <\/b>(2000): \u201cLa Reforma del Sector Salud en C\u00f3rdoba. El Naufragio de un Piloto de Tormentas\u201d, en <i>Administraci\u00f3n P\u00fablica y Sociedad<\/i>. Instituto de Investigaci\u00f3n y Formaci\u00f3n en Administraci\u00f3n P\u00fablica (IIFAP), N\u00b013. UNC. C\u00f3rdoba. Disponible en: <a href=\"http:\/\/www.iifap.unc.edu.ar\/imagenes\/revistas\/13\/la_reforma.pdf\">http:\/\/www.iifap.unc.edu.ar\/imagenes\/revistas\/13\/la_reforma.pdf<\/a>.<\/p>\n<p><b>CARBALLEDA<\/b><b> Alfredo<\/b>: \u201cLa intervenci\u00f3n del Trabajo Social en el campo de la salud mental. Algunos interrogantes y perspectivas, en <i>Revista Margen, <\/i>N\u00ba 65, Julio de 2012. Disponible en: <a href=\"http:\/\/www.margen.org\/suscri\/margen65\/carballeda.pdf\">http:\/\/www.margen.org\/suscri\/margen65\/carballeda.pdf<\/a>..<\/p>\n<p><b>CARBALLEDA, Alfredo<\/b> (2004). \u201cDEL DESORDEN DE LOS CUERPOS AL ORDEN DE LA SOCIEDAD\u201d. Cap.7: El positivismo argentino y la construcci\u00f3n de dispositivos de intervenci\u00f3n en lo social. (P\u00e1ginas 147-170). Editorial Espacio. Buenos Aires.<\/p>\n<p><b>CARBALLEDA<\/b>, <b>Alfredo<\/b> (2006): La Intervenci\u00f3n Hoy. Del Orden de los Cuerpos a la Fragmentaci\u00f3n de la Sociedad (C\u00e1p. VI). En Alfredo Carballeda \u201c<i>El Trabajo Social desde una Mirada Hist\u00f3rica centrada en la Intervenci\u00f3n. Del Orden de los Cuerpos al Estallido de la Sociedad<\/i>\u201d. Edit. Espacio, Buenos Aires.<\/p>\n<p><b>CASTEL, Robert<\/b> (1991) \u00abLa Din\u00e1mica de los Procesos de Marginalizaci\u00f3n. De la Vulnerabilidad a la Exclusi\u00f3n\u201d, en\u00a0<em>Revista Top\u00eda,<\/em><i>\u00a0<\/i>A\u00f1o 1, N\u00ba II.<\/p>\n<p><b>CAZZANIGA Susana<\/b> (2005): \u201cPuentes y Giros para Asomarse al Oficio\u201d, en <i>Cuadernillo Utopia. <\/i>A\u00f1o VIII, N\u00ba 12. <i>\u00a0<\/i><\/p>\n<p><b>CEPAL (2004):<\/b> \u201cVulnerabilidad y Pobreza\u201d en <i>Panorama Social de Am\u00e9rica Latina 1999-2000<\/i>. <i>Revista CEPAL<\/i>. Naciones Unidas.<b><br \/>\n<\/b><\/p>\n<p><b>CLEMENTE, Adriana <\/b>(2002): \u201cNotas sobre Investigaci\u00f3n, Formaci\u00f3n y Pr\u00e1ctica Profesional\u201d, en <i>Nuevos Escenarios y Pr\u00e1ctica Profesional<\/i>. Editorial Espacio, Buenos Aires.<\/p>\n<p><b>COSTA, Ricardo<\/b> (1997): \u201cLas Estrategias de Intervenci\u00f3n como Teor\u00edas de la Acci\u00f3n en Acci\u00f3n\u201d, en <i>Acto Social<\/i>, A\u00f1o V,<i> <\/i>N\u00ba 17, C\u00f3rdoba. Pp. 5- 10.<\/p>\n<p><b>COLEGIO DE PROFESIONALES DE SERVICIO SOCIAL DE LA PROVINCIA DE CORDOBA:<\/b> C\u00f3digo de \u00c9tica. C\u00f3rdoba.<\/p>\n<p><b>CUELLA, CROSETTO (2013) <\/b>\u201cTeor\u00eda de la Intervenci\u00f3n y Trabajo Social\u201d. Apuntes de catedra Escuela de Trabajo Social .UNC<\/p>\n<p><b>CUSTO, Esther y Otros <\/b>(2009): <i>Teor\u00eda, Espacio y Estrategia de Intervenci\u00f3n Grupal<\/i>. Editorial Espartaco, Argentina.<\/p>\n<p><b>CUSTO, Esther <\/b>(2000): \u201cSubjetividad y Ciudadan\u00eda. Un desaf\u00edo y un Compromiso para el Trabajo Social a Fin de Siglo\u201d, en <i>Revista Utop\u00edas<\/i>. Revista Facultad de Trabajo Social. UNER. A\u00f1o V, N\u00b0 7 agosto.<\/p>\n<p><b>DANANI, Claudia<\/b> (2009): \u201cLa gesti\u00f3n de la pol\u00edtica social: un intento de aportar a su problematizaci\u00f3n\u201d, en\u00a0Chiara M. y Di Virgilio M.M. (organizadoras)\u00a0<i>Gesti\u00f3n de la Pol\u00edtica Social. Conceptos y herramientas<\/i>, Prometeo Libros, Buenos Aires.<b><br \/>\n<\/b><\/p>\n<p><b>CHALMERS, Alan<\/b> (1987): \u00bf<i>Qu\u00e9 es esa Cosa Llamada Ciencia?<\/i> Ed. Siglo XXI. Bs. As. Pp. 127 -141.<\/p>\n<p><b>DE SOUZA MINAYO, M. C. y otros<\/b> (2003): <i>Investigaci\u00f3n Social. Teor\u00eda, M\u00e9todo y Creatividad<\/i>. Lugar Editorial. Bs As. C\u00e1p. 1. Pp. 9 \u2013 21.\u00a0 Disponible en: <a href=\"https:\/\/abcproyecto.files.wordpress.com\/2013\/06\/de-souza-minayo-2007-investigacic3b3n-social.pdf\">https:\/\/abcproyecto.files.wordpress.com\/2013\/06\/de-souza-minayo-2007-investigacic3b3n-social.pdf<\/a>. \u00a0<b><br \/>\n<\/b><\/p>\n<p><b>DE SOUSA SANTOS, Boaventura<\/b> (2006): \u201cLa Sociolog\u00eda de las Ausencias y la Sociolog\u00eda de las Emergencias: para una ecolog\u00eda de saberes\u201d, en Boaventura De Sousa Santos, <i>Renovar la Teor\u00eda Cr\u00edtica y Reinventar la Emancipaci\u00f3n Social. Ed. Clacso Libros. Bs. As. Pp. 13 a 41. Disponible en: http:\/\/biblioteca.clacso.edu.ar\/clacso\/coediciones\/20100825032342\/critica.pdf. <\/i><\/p>\n<p><b>DE SOUSA SANTOS, Boaventura<\/b> (2003): <i>Cr\u00edtica de la Raz\u00f3n Indolente.<\/i> Volumen I Descl\u00e9e de Brouwer, Bilbao. Disponible en: www.boaventuradesousasantos.pt\/&#8230;\/critica_de_la_razon_indolente.pdf<\/p>\n<p><b>DIAZ, Esther y HELER, Mario <\/b>(1998): <i>El Conocimiento Cient\u00edfico: Hacia una Visi\u00f3n Cr\u00edtica de las Ciencias<\/i>.<i> <\/i>Ed. Eudeba. Bs As. Cap. IV, Apartado 1 y 2.\u00a0 \u2013 Cap. V, apartado 1.<\/p>\n<p><b>DI TELLA TORCUATO y otros <\/b>(2004): \u201cSalud \u2013 Enfermedad\u201d, en Di Tella Torcuato, <i>Diccionario de Ciencias Sociales y Pol\u00edticas<\/i>. Editorial Ariel, Argentina.\u00a0<b><br \/>\n<\/b><\/p>\n<p><b>FOLLARI, R y LANZ, R.<\/b> (Comps.) (1998), <i>Enfoques sobre Postmodernidad en Am\u00e9rica Latina<\/i>\u00ab, Caracas, Edit. Sentido.<\/p>\n<p><b>FOLLARI, Roberto<\/b> (1998): <i>Sobre la Desfundamentaci\u00f3n Epistemol\u00f3gica Contempor\u00e1nea<\/i>. Caracas, CIPOST.<\/p>\n<p><b>FOLLARI, Roberto <\/b>(1990): <i>Modernidad y Postmodernidad: Una \u00d3ptica desde Am\u00e9rica Latina. <\/i>Buenos Aires, AIQUE\/REI\/IDEAS.<\/p>\n<p><b>FOLLARI, Roberto<\/b> (1982): <i>Interdisciplinariedad (Los Avatares de la Ideolog\u00eda<\/i>). M\u00e9xico, UAM-AZCAPOTZALCO.<\/p>\n<p><b>FRASER, Nancy<\/b> (1991) \u201cLa Lucha Por Las Necesidades\u201d,\u00a0 en <i>Revista Debate Feminista<\/i>. A\u00f1o 2, Vol. 3, M\u00e9xico. P\u00e1gs. 3-40<\/p>\n<p><b>FREIRE, Paulo<\/b> (1968): <i>Pedagog\u00eda del Oprimido<\/i>. Ed. Siglo XXI. M\u00e9xico. 2005.<\/p>\n<p><b>FREDIANELLI, Graciela <\/b>(2014): Ficha Te\u00f3rica y Gu\u00eda de Estudio: \u201cLa intervenci\u00f3n en lo social\u201d.<\/p>\n<p>C\u00e1tedra Fundamentos y Constituci\u00f3n Hist\u00f3rica del Trabajo Social- C\u00e1tedra B.<\/p>\n<p><b>GAGLIANO, ERNESTO y otros<\/b> (2014). Apunte de C\u00e1tedra de \u201cSalud y Pol\u00edticas P\u00fablicas\u201d.\u00a0 Unidad N\u00b0 I, III, y V.<\/p>\n<p><b>GAGNETEN, Mar\u00eda Mercedes <\/b>(1987): <i>Hacia una Metodolog\u00eda de Sistematizaci\u00f3n de la Pr\u00e1ctica. Introducci\u00f3n y Cap. I. Editorial Humanitas.<\/i><b><br \/>\n<\/b><\/p>\n<p><b>GARAY, Lucia<\/b> (2006): \u201cLa Cuesti\u00f3n Institucional en la Educaci\u00f3n y las Escuelas\u201d, en BUTELMAN, Ida: \u201c<i>Pensando las Instituciones: sobre Teor\u00edas y Pr\u00e1cticas en Educaci\u00f3n<\/i>\u201d. Editorial Paid\u00f3s. Pp. 126-158.<b><br \/>\n<\/b><\/p>\n<p><b>G\u00d3MEZ DA COSTA A.<\/b> \u00a0\u201cConferencia sobre Adolescentes en Conflicto con la Ley Penal\u201d. En Ficha de C\u00e1tedra del Seminario de Trabajo Social con ni\u00f1os, ni\u00f1as y adolescentes. Piotti, Mar\u00eda Lidia y otros. A\u00f1o 2009. \u00a0<b><br \/>\n<\/b><\/p>\n<p><b>GONZ\u00c1LEZ, Cristina<\/b>. \u00bfDel Caso Social Individual al Trabajo Social Familiar?: Un Poco de Historia y Algunas Reflexiones\u201d. (Mimeo). Apunte de C\u00e1tedra. Unidad I: Teor\u00eda, Espacios y Estrategias de Intervenci\u00f3n III B (Familiar). A\u00f1o 2014.<b><br \/>\n<\/b><\/p>\n<p><b>GUBER, Rosana<\/b> (2001): <i>Etnograf\u00eda. M\u00e9todo, Campo y Reflexividad<\/i>. Grupo Editorial Norma. Bogot\u00e1.<\/p>\n<p><b>GUBER<\/b>, <b>Rosana<\/b> (2005): <i>El Salvaje Metropolitano<\/i>. Editorial \u00a0Paidos. 1\u00b0 Reimpresi\u00f3n. Bs. As<\/p>\n<p><b>HELLER, Agnes <\/b>(1978): <i>Teor\u00edas de las Necesidades en Marx<\/i>. Editorial Pen\u00ednsula, Barcelona.<\/p>\n<p><b>JELIN, Elizabeth <\/b>(1986): <i>Familia y Unidad Domestica: Mundo Publico y Vida Privada<\/i>. Estudios CEDES. Bs. As.<b><br \/>\n<\/b><\/p>\n<p><b>KUHN, THOMAS S.<\/b> (2005).\u00a0<i>La Estructura<\/i><i> de las Revoluciones Cient\u00edficas<\/i>. Fondo de Cultura Econ\u00f3mica de Espa\u00f1a.<\/p>\n<p><b>LAURELL,\u00a0 Asa Cristina<\/b> (1986): \u201cEl estudio del proceso salud enfermedad en Am\u00e9rica Latina\u201d, en<i> Cuadernos M\u00e9dicos Sociales<\/i>, N\u00b0 37. Argentina, Rosario.<\/p>\n<p><b>LAURELL,\u00a0 Asa Cristina <\/b>(1982): \u201cLa Salud &#8211; Enfermedad como Proceso Social\u201d, en Cuadernos M\u00e9dico Sociales, N\u00ba 19, Enero. Disponible en: http:\/\/www.buenosaires.gob.ar\/areas\/salud\/dircap\/mat\/matbiblio\/laurell.pdf.<\/p>\n<p><b>LEY FEDERAL DE TRABAJO SOCIAL <\/b><b>N\u00ba<\/b><b> 27.072.<\/b> A\u00f1o: 2014. Disponible en: <a href=\"http:\/\/www.trabajosocial.unlp.edu.ar\/uploads\/docs\/ley_federal_del_trabajo_social.pdf\">http:\/\/www.trabajosocial.unlp.edu.ar\/uploads\/docs\/ley_federal_del_trabajo_social.pdf<\/a>.<\/p>\n<p><b>LEY NACIONAL DE SALUD MENTAL <\/b><b>N\u00ba<\/b><b> 26.657.<\/b> A\u00f1o: 2010. Disponible en: <a href=\"http:\/\/www.msal.gob.ar\/saludmental\/images\/stories\/info-equipos\/pdf\/ley-nacional-salud-mental-26.657.pdf\">http:\/\/www.msal.gob.ar\/saludmental\/images\/stories\/info-equipos\/pdf\/ley-nacional-salud-mental-26.657.pdf<\/a>.<\/p>\n<p><b>LEY NACIONAL <\/b><b>N\u00ba<\/b><b> 25.673 de Creaci\u00f3n del<\/b><b> PROGRAMA NACIONAL DE SALUD SEXUAL Y PROCREACI\u00d3N RESPONSABLE.<\/b> A\u00f1o: 2003. Disponible en: <a href=\"http:\/\/www.msal.gov.ar\/saludsexual\/ley.php\">http:\/\/www.msal.gov.ar\/saludsexual\/ley.php<\/a>.<\/p>\n<p><b>LEY NACIONAL <\/b><b>N\u00ba<\/b><b> 26130 \u201cREGIMEN PARA LAS INTERVENCIONES DE CONTRACEPCION QUIRURGICA\u201d. <\/b>A\u00f1o: 2006.<b> <\/b>Disponible en <a href=\"http:\/\/www.msal.gov.ar\/saludsexual\/ley.php\">http:\/\/www.msal.gov.ar\/saludsexual\/ley.php<\/a><b><\/b><\/p>\n<p><b>LEY NACIONAL N\u00ba 26061\u00a0 \u201cLEY DE PROTECCI\u00d3N INTEGRAL DE LOS DERECHOS DE LOS NI\u00d1OS, NI\u00d1AS Y ADOLESCENTES<\/b>\u201d. A\u00f1o: 2005. Disponible en: http:\/\/infoleg.mecon.gov.ar\/infolegInternet\/anexos\/110000-114999\/110778\/norma.htm.<b><br \/>\n<\/b><\/p>\n<p><b>LEY PROVINCIAL N\u00ba 9.848 PROTECCI\u00d3N DE SALUD MENTAL<\/b>. Provincia de C\u00f3rdoba. A\u00f1o: 2010.<b> <\/b>Disponible en: <a href=\"http:\/\/www.caescor.com\/web\/pdf\/Ley9848.pdf\">http:\/\/www.caescor.com\/web\/pdf\/Ley9848.pdf<\/a>. <b><br \/>\n<\/b><\/p>\n<p><b>LEY PROVINCIAL N\u00ba 9344 DE CONTRACEPCI\u00d3N QUIR\u00daRGICA<\/b>. Provincia de C\u00f3rdoba. A\u00f1o: 2006.<b> <\/b>Disponible en: <cite>www.boletinoficialcba.gov.ar\/archivos06_2\/211206_leyes.pdf<\/cite><\/p>\n<p><b>LEY PROVINCIAL N\u00ba 9944\u00a0 \u201cPROMOCI\u00d3N Y PROTECCI\u00d3N INTEGRAL DE LOS DERECHOS DE LOS NI\u00d1OS, NI\u00d1AS Y ADOLESCENTES\u201d. <\/b>A\u00f1o: 2011.<b> <\/b>Provincia de C\u00f3rdoba. Disponible en: http:\/\/web2.cba.gov.ar\/web\/leyes.nsf\/0\/30D3D607469A7195032578A800729695?OpenDocument&amp;Highlight=0,9944.<b><span style=\"text-decoration: underline;\"><br \/>\n<\/span><\/b><\/p>\n<p><b>LEY PROVINCIAL N\u00ba 9283 \u201cLEY DE VIOLENCIA FAMILIAR<\/b>\u201d. Provincia de C\u00f3rdoba. A\u00f1o: 206. Disponible en: file:\/\/\/C:\/Users\/d16508144\/Downloads\/ley-9.283-ley-de-violencia-familiar-cba.pdf.<\/p>\n<p><b>LEY PROVINCIAL N\u00ba 9133 \u201cLEY DE GARANT\u00cdAS SALUDABLES<\/b>\u201d. A\u00f1o 2003. Provincia de C\u00f3rdoba. Disponible en: http:\/\/web2.cba.gov.ar\/web\/leyes.nsf\/85a69a561f9ea43d03257234006a8594\/0a8e72ae4e3f8c230325782b006108a9?OpenDocument.\u00a0<b><br \/>\n<\/b><\/p>\n<p><b>LIEBEL, M<\/b>. (1996): \u201cEl Protagonismo Infantil Organizado de los NATS\u201d, en <i>Cuadernos NATRAS<\/i>, N\u00ba 4, Febrero.<b><br \/>\n<\/b><\/p>\n<p><b>MADURO, Otto <\/b>(2009)<b>:<\/b><strong> <\/strong><i>Para Repensar Eso de Conocimiento y Liberaci\u00f3n<\/i>\u201d. Agenda Latinoamericana. Disponible en\u00a0 http:\/\/www.servicioskoinonia.org\/agenda\/archivo\/obra.php?ncodigo=169.<\/p>\n<p><b>MATUS CARLOS <\/b>(2007): <i>MAPP M\u00e9todo Altadir de Planificaci\u00f3n Popular.<\/i> Ed. Lugar, Buenos Aires.<b><br \/>\n<\/b><\/p>\n<p><b>MAX, Neef y Otros <\/b>(2010)<b>: <\/b><i>Desarrollo de la Escala Humana: Una Opci\u00f3n para el Futuro<\/i>. Cepaur\/ Fundaci\u00f3n Dag\u00a0 Hammarskjold, Development, N\u00famero Especial. \u00a0Edit. CF+S. Madrid, Espa\u00f1a.<\/p>\n<p><b>MERCER e ISUANI <\/b>(1987): \u201cFragmentaci\u00f3n Institucional del sector salud en Argentina\u201d Bolet\u00edn Techint N\u00b0 224.<\/p>\n<p><b>MIGUEL y RODR\u00cdGUEZ <\/b>(1990): \u201cSalud y Poder \u201c. C\u00e1p.1. Editorial Siglo XXI.<\/p>\n<p><b>ORGANIZACI\u00d3N PANAMERICANA DE SALUD <\/b>(1996)<b>:<\/b> \u201c<i>Salud Reproductiva: Concepto e Importancia<\/i>\u201d. Serie Paltex N\u00ba 39. Washington.<b><br \/>\n<\/b><\/p>\n<p><b>OFFE, Claude<\/b> (1992): \u201c<i>Democracia de Competencia entre Partidos y el Estado de Bienestar<\/i><\/p>\n<p><i>Keynesiano. Factores de Estabilidad y Desorganizaci\u00f3n<\/i>\u201d en Partidos pol\u00edticos y nuevos movimientos sociales, Edit. Sistema, Madrid. Pp. 55-88.<\/p>\n<p><b>OFFE, Claude<\/b> (1992) \u201cDos L\u00f3gicas de Acci\u00f3n Colectiva\u201d en Claus Offe, <i>La Gesti\u00f3n<\/i><i> Pol\u00edtica<\/i>, traducci\u00f3n de Mar\u00eda Luisa G\u00f3mez de Pablos. \u00a0Ministerio de Trabajo y Seguridad Social, Madrid. Pp. 47-112.<b><br \/>\n<\/b><\/p>\n<p><b>ORGANIZACI\u00d3N MUNDIAL DE LA SALUD<\/b> (1948): <i>Constituci\u00f3n de la Organizaci\u00f3n Mundial de la Salud. Disponible en http:\/\/www.who.int\/gb\/bd\/PDF\/bd46\/s-bd46_p2.pdf\/<\/i>.<b><br \/>\n<\/b><\/p>\n<p><b>ORGANIZACI\u00d3N MUNDIAL DE LA SALUD <\/b>(<a title=\"1986\" href=\"http:\/\/es.wikipedia.org\/wiki\/1986\">1986<\/a>): Documentos \u201cPrimera Conferencia Internacional para la Promoci\u00f3n de la Salud\u201d, <a title=\"Ottawa\" href=\"http:\/\/es.wikipedia.org\/wiki\/Ottawa\">Ottawa<\/a>,\u00a0<a title=\"Canad\u00e1\" href=\"http:\/\/es.wikipedia.org\/wiki\/Canad%C3%A1\">Canad\u00e1<\/a>.<\/p>\n<p><b>PICHARDO MU\u00d1IZ, Arlette<\/b> (1993): <i>Evaluaci\u00f3n del Impacto Social.<\/i> Edici\u00f3n Humanitas. Buenos Aires.<\/p>\n<p><b>PICHON RIVIERE, Enrique <\/b>(1985): <i>El Proceso Grupal. Del Psicoan\u00e1lisis a la Psicolog\u00eda Social. Ediciones Nueva Visi\u00f3n. Buenos Aires.<\/i><\/p>\n<p><b>PICHON RIVIERE,<\/b><b> Enrique: <\/b>\u201c<i>Historia de la T\u00e9cnica de los Grupos Operativos<\/i>\u201d. Clase dictada por el Dr. Enrique Pich\u00f3n Riviere el 13\/05\/1970. Recopilaci\u00f3n de clases dictadas Ediciones Cinco.<\/p>\n<p><b>PIOTTI, Mar\u00eda Lidia <\/b>(2000): \u201cLos Tres Paradigmas sobre la Infancia y Adolescencia y el Trabajo Social\u201d, en <i>Revista Confluencias<\/i>. A\u00f1o 8 N\u00ba 36. Colegio de Profesionales de Servicio Social de la Provincia de C\u00f3rdoba. Diciembre.<b><span style=\"text-decoration: underline;\"><br \/>\n<\/span><\/b><\/p>\n<p><b>PIOTTI, Mar\u00eda Lidia <\/b>(1992):<b> <\/b>\u201cLos Ni\u00f1os y Adolescentes como Sujetos de nuestra Intervenci\u00f3n\u201d, en <i>Revista Acto Social.<\/i> N\u00ba 1 y 2 \u2013 Agosto.<\/p>\n<p><b>QUIROGA, Ana y RACEDO, Josefina <\/b>(1988)<b>:<\/b> <i>Critica de la Vida Cotidiana. Ediciones Cinco.\u00a0 Argentina.<\/i><b><br \/>\n<\/b><\/p>\n<p><b>QUIROGA, Ana <\/b>(1991)<b>:<\/b> <i>Matrices de Aprendizaje. Constituci\u00f3n del Sujeto en el Proceso de Conocimiento<\/i>. Ediciones Cinco Argentina.<\/p>\n<p><b>RODR\u00cdGUEZ Elsa Marcela y TABORDA Alberto<\/b> (2008): \u201cLa Planificaci\u00f3n Social Estrat\u00e9gica y el Trabajo Social\u201d- Mimeo \u2013 UNC \u2013 C\u00f3rdoba.<b><br \/>\n<\/b><\/p>\n<p><b>ROBIROSA, Mario<\/b> (1990): <i>Turbulencia y Planificaci\u00f3n Social. <\/i>Edici\u00f3n UNICEF \u2013 Siglo XXI, Buenos Aires.<\/p>\n<p><b>ROBIROSA, Mario<\/b> (1996): \u201cArticulaci\u00f3n, Negociaci\u00f3n, Concertaci\u00f3n\u201d, en <i>Revista Acto Social<\/i>, N\u00b0 16, C\u00f3rdoba.<b><br \/>\n<\/b><\/p>\n<p><b>ROVERE, Mario<\/b> (1993): <i>Planificaci\u00f3n Estrat\u00e9gica de Recursos Humanos en Salud<\/i>\u201d. Edici\u00f3n OPS\/OMS, Chile.<\/p>\n<p><b>ROTONDI, Gabriela <\/b>(Comp.)<b> <\/b>(2013): \u201cPerspectivas, Debates y Propuestas desde el Trabajo Social Institucional. Aportes desde la C\u00e1tedra Teor\u00eda, Espacios y Estrategias de Intervenci\u00f3n IV \u2013 Institucional\u201d. ISBN: 978-950-33-1030-4. Publicado en DVD. (Disponible en Aula Virtual).<\/p>\n<p><b>ROTONDI, Gabriela <\/b>(Comp.)<b> <\/b>(2011): \u201cIntervenci\u00f3n Institucional: Desaf\u00edos y Debates Colectivos: Aportes desde la C\u00e1tedra Teor\u00eda. Espacios y Estrategias de Intervenci\u00f3n. IV- Institucional\u201d. Escuela de Trabajo Social, Universidad Nacional de C\u00f3rdoba. ISBN: 978-950-33-0942-1. Publicado en DVD. (Disponible en Aula Virtual).<b><br \/>\n<\/b><\/p>\n<p><b>ROTONDI, Gabriela <\/b>(Comp.)<b> <\/b>(2009): \u201cPosici\u00f3n y Posicionamiento de los\/las Trabajadores Sociales en sus Instancias de Acci\u00f3n Profesional IV\u201d. Diciembre. Escuela de Trabajo Social \u2013 Universidad Nacional de C\u00f3rdoba. ISBN 978- 987-20115-3-6. Publicado en Disco compacto. (Disponible en Aula Virtual).<\/p>\n<p><b>ROTONDI, Gabriela <\/b>(Comp.)<b> <\/b>(2007: \u201cPosici\u00f3n y Posicionamiento de los\/las Trabajadores\/as Sociales en sus Instancias de Acci\u00f3n Profesional. ISBN 978-950-33-0633-9. Escuela de Trabajo Social. Publicado en Disco compacto. (Disponible en Aula Virtual).<\/p>\n<p><b>ROTONDI, Gabriela <\/b>(Comp.)<b> <\/b>(2013): \u201cIntervenci\u00f3n Institucional en Trabajo Social. Pistas para el An\u00e1lisis de la Demanda\u201d. C\u00e1tedra Teor\u00eda, Espacios y Estrategias de Intervenci\u00f3n IV \u2013 Institucional. Ficha de C\u00e1tedra Escuela de Trabajo Social \u2013 UNC (Material en formato digital).<b><br \/>\n<\/b><\/p>\n<p><b>ROZAS PAGAZA Margarita <\/b>(1998): <i>Una Perspectiva Te\u00f3rica &#8211; metodol\u00f3gica de la Intervenci\u00f3n en Trabajo Social<\/i>. Editorial Espacio. Argentina.<\/p>\n<p><b>ROZAS PAGAZA, Margarita <\/b>(2001)<b>:<\/b> \u201cAntecedentes de la Intervenci\u00f3n Profesional y la Cuesti\u00f3n Social en el R\u00e9gimen Olig\u00e1rquico Liberal en Margarita Rozas Pagaza, <i>La Intervenci\u00f3n Profesional<\/i><i> en relaci\u00f3n con la Cuesti\u00f3n Social. Editorial Espacio. <\/i><\/p>\n<p><b>SAMPIERI \u2013 HERN\u00c1NDEZ, R. y Otros<\/b> (2006): <i>Metodolog\u00eda De La Investigaci\u00f3n. C\u00e1p. 2, 12, 13, 14, 15 y 16. M\u00e9xico. 4\u00b0 Edici\u00f3n. Mc Graw Hill. Pp. 520- 747.<\/i><b><br \/>\n<\/b><\/p>\n<p><b>SANCHEZ MARTINEZ, Eduardo<\/b> (2005): <i>Planeamiento Estrat\u00e9gico de la Educaci\u00f3n. Editorial Brujas, C\u00f3rdoba.<br \/>\n<\/i><\/p>\n<p><b>SHLEMENSON, A<\/b>. \u201cDimensiones Relevantes para el An\u00e1lisis Organizacional, An\u00e1lisis de la Situaci\u00f3n de Conflicto en el Marco de una Crisis, El Significado de La Crisis, En <i>An\u00e1lisis Organizacional y Empresa Unipersonal<\/i>. Editorial Paid\u00f3s Bs. As. Pp. 38 a 47.<b><br \/>\n<\/b><\/p>\n<p><b>SIRVENT, Mar\u00eda Teresa<\/b> (1999): <i>Cultura Popular y Participaci\u00f3n Social. Una Investigaci\u00f3n en el Barrio de Mataderos<\/i>. Buenos Aires. Mi\u00f1o y Davila editores. Buenos Aires Madrid.<b><br \/>\n<\/b><\/p>\n<p><b>SOLDEVILA, DOMINGUEZ, GIORDANO <\/b>(2012)<b>:<\/b> Seminario Anual de G\u00e9nero y Derechos Humanos en la Intervenci\u00f3n Social. Apuntes de C\u00e1tedra. Escuela de Trabajo Social. UNC. \u00a0<b><br \/>\n<\/b><\/p>\n<p><b>SPINELLI, Hugo <\/b>(Comp.)(2004): \u201cSalud Colectiva\u201d, en Men\u00e9ndez, Eduardo, <i>Modelos de Atenci\u00f3n de los Padecimientos: de Exclusiones Te\u00f3ricas y Articulaciones Pr\u00e1cticas<\/i>\u201d. Lugar Editorial, Buenos Aires.<\/p>\n<p><b>STOLKINER, Alicia:<\/b> \u201cLa Interdisciplina: entre la epistemolog\u00eda y las pr\u00e1cticas\u201d, en <i>Revista Campo Psi-Revista de Informaci\u00f3n especializada<\/i>\u201d A\u00f1o 3, N\u00b0 10, Abril de 1999, Rosario. Disponible en: <a href=\"http:\/\/estatico.buenosaires.gov.ar\/areas\/salud\/dircap\/mat\/matbiblio\/concurso07\/inter1.pdf\">http:\/\/estatico.buenosaires.gov.ar\/areas\/salud\/dircap\/mat\/matbiblio\/concurso07\/inter1.pdf<\/a>. <b>\u00a0<\/b><\/p>\n<p><b>UNICEF<\/b> (1989): <i>Convenci\u00f3n Internacional de los Derechos del Ni\u00f1o<\/i> (1989). Disponible en: http:\/\/www.unicef.org\/argentina\/spanish\/ar_insumos_MNcdn.pdf.<\/p>\n<p><b>VASILACHIS DE GIALDINO, I.<\/b> (Coord.) (2006): <i>Estrategias de Investigaci\u00f3n Cualitativa. <\/i>Edit. Gedisa, Barcelona. Cap. 1.<b><br \/>\n<\/b><\/p>\n<p><b>ZAMBERLIN, Nina <\/b>(s\/f): <i>La Salud<\/i><i> y los Derechos Sexuales y Reproductivos: Avances y Retrocesos<\/i>. Salud y Pol\u00edticas P\u00fablicas (2014). Apuntes de c\u00e1tedra. Escuela de Trabajo Social UNC<\/p>\n","protected":false},"excerpt":{"rendered":"<p>Residencia: Lista Bibliogr\u00e1fica actualizada, para concursar en el llamado a selecci\u00f3n de residentes de Salud de la provincia de C\u00f3rdoba<\/p>\n","protected":false},"author":1,"featured_media":0,"comment_status":"open","ping_status":"open","sticky":false,"template":"","format":"standard","meta":{"footnotes":""},"categories":[13,18],"tags":[],"_links":{"self":[{"href":"https:\/\/cpsscba.org\/confluenciasvirtual\/index.php?rest_route=\/wp\/v2\/posts\/4441"}],"collection":[{"href":"https:\/\/cpsscba.org\/confluenciasvirtual\/index.php?rest_route=\/wp\/v2\/posts"}],"about":[{"href":"https:\/\/cpsscba.org\/confluenciasvirtual\/index.php?rest_route=\/wp\/v2\/types\/post"}],"author":[{"embeddable":true,"href":"https:\/\/cpsscba.org\/confluenciasvirtual\/index.php?rest_route=\/wp\/v2\/users\/1"}],"replies":[{"embeddable":true,"href":"https:\/\/cpsscba.org\/confluenciasvirtual\/index.php?rest_route=%2Fwp%2Fv2%2Fcomments&post=4441"}],"version-history":[{"count":4,"href":"https:\/\/cpsscba.org\/confluenciasvirtual\/index.php?rest_route=\/wp\/v2\/posts\/4441\/revisions"}],"predecessor-version":[{"id":4443,"href":"https:\/\/cpsscba.org\/confluenciasvirtual\/index.php?rest_route=\/wp\/v2\/posts\/4441\/revisions\/4443"}],"wp:attachment":[{"href":"https:\/\/cpsscba.org\/confluenciasvirtual\/index.php?rest_route=%2Fwp%2Fv2%2Fmedia&parent=4441"}],"wp:term":[{"taxonomy":"category","embeddable":true,"href":"https:\/\/cpsscba.org\/confluenciasvirtual\/index.php?rest_route=%2Fwp%2Fv2%2Fcategories&post=4441"},{"taxonomy":"post_tag","embeddable":true,"href":"https:\/\/cpsscba.org\/confluenciasvirtual\/index.php?rest_route=%2Fwp%2Fv2%2Ftags&post=4441"}],"curies":[{"name":"wp","href":"https:\/\/api.w.org\/{rel}","templated":true}]}}