{"id":4411,"date":"2016-02-19T14:48:48","date_gmt":"2016-02-19T14:48:48","guid":{"rendered":"http:\/\/cpsscba.org\/confluenciasvirtual\/?p=4411"},"modified":"2016-02-23T18:13:29","modified_gmt":"2016-02-23T18:13:29","slug":"xxviii-congreso-nacional-de-trabajo-social-en-san-juan","status":"publish","type":"post","link":"https:\/\/cpsscba.org\/confluenciasvirtual\/?p=4411","title":{"rendered":"XXVIII Congreso Nacional de Trabajo Social en San Juan"},"content":{"rendered":"<p><strong><img loading=\"lazy\" decoding=\"async\" class=\"alignnone\" alt=\"\" src=\"http:\/\/coaser.org.ar\/wp-content\/uploads\/2016\/02\/CONGRESO-TUCUMAN.jpg\" width=\"593\" height=\"323\" \/><\/strong><\/p>\n<p><strong>FUNDAMENTACI\u00d3N:<\/strong><\/p>\n<p>La propuesta de esta edici\u00f3n del Congreso Nacional de Trabajo Social, tiene como finalidad central, problematizar sobre distintos proyectos socio profesionales vigentes en el marco de la reciente aprobaci\u00f3n de la Ley Federal N\u00b0 27072. Logro sustentado en el trabajo colectivo y hecho muy significativo ligado a la cuesti\u00f3n de la Identidad Profesional.<!--more--><\/p>\n<p>As\u00ed, en torno al debate disciplinar, recuperamos el proceso de profesionalizaci\u00f3n en nuestro pa\u00eds, el que ha ido generando disputas, propuestas y defensa de argumentos. El mismo manifiesta tendencias y fundamentos te\u00f3ricos que se ponen en juego en un determinado contexto socio-hist\u00f3rico, en este caso en particular, lo pensamos en el marco de la contemporaneidad. En este tiempo presente al que hay que ponerle contenidos que lo particularicen; tiempo pleno de desaf\u00edos, de coraje, de esperanza, identificado con transformaciones sociales, culturales, pol\u00edticas y econ\u00f3micas producidas en las \u00faltimas d\u00e9cadas.<\/p>\n<p>En la recuperaci\u00f3n del debate, cada definici\u00f3n contiene en s\u00ed misma una posici\u00f3n te\u00f3rica y pol\u00edtica sobre el tratamiento y definici\u00f3n de los llamados problemas sociales que configuran y condensan un conjunto de ideas, directrices en torno a proyectos socialmente deseables.<\/p>\n<p>En un proyecto profesional se explicita el horizonte de sentido que le da direccionalidad, su anclaje en una perspectiva ideol\u00f3gica y epistemol\u00f3gica; tiene una relaci\u00f3n directa con el proyecto de sociedad en el cual se inserta y donde se dirime centralmente lo pol\u00edtico. Un proyecto profesional, presenta una estructura din\u00e1mica que se transforma a partir de modificaciones referentes a Necesidades Sociales con la que opera la profesi\u00f3n. En dicha construcci\u00f3n existe una relaci\u00f3n dial\u00e9ctica entre los modos de ver, de interpretar la profesi\u00f3n, la disciplina, que se plasman en los modos de pensar la formaci\u00f3n acad\u00e9mica; la intervenci\u00f3n profesional y los espacios de defensa, intercambio y crecimiento a trav\u00e9s de las diferentes organizaciones. De all\u00ed que en diferentes momentos aparecen procesos que pasan de instancias de confrontaci\u00f3n a trabajo conjunto, de avances a retrocesos, de quiebres y rupturas, y nuevas construcciones basadas en acuerdos.<\/p>\n<p>Pensar un Proyecto Profesional, es posible a partir de pensar su vinculaci\u00f3n con la organizaci\u00f3n de la categor\u00eda profesional, a trav\u00e9s de los distintos agrupamientos de profesionales, de instituciones acad\u00e9micas y de estudiantes, lo que ha hecho que hoy tengamos una ley federal; una herramienta legal actualizada, acorde a los tiempos y contexto en que se inscriben procesos y problem\u00e1ticas sociales; que respalda nuestras intervenciones profesionales, permitiendo la defensa, reivindicaci\u00f3n, promoci\u00f3n y ejercicio efectivo de los derechos humanos y sociales.<\/p>\n<p><strong>OBJETIVOS <\/strong><\/p>\n<p><strong>Objetivo General<\/strong><\/p>\n<p>Debatir acerca de proyectos socio-profesionales vigentes en el marco de la ley federal y sus implicancias socio-pol\u00edticas en el ejercicio profesional.<\/p>\n<p><strong>Objetivos espec\u00edficos<\/strong><\/p>\n<p>Contribuir a enriquecer procesos de investigaci\u00f3n e intervenci\u00f3n profesional a trav\u00e9s de la construcci\u00f3n colectiva del conocimiento.<\/p>\n<p>Propiciar debates en relaci\u00f3n a la intervenci\u00f3n profesional en diferentes escenarios, espacios, campos y condiciones socio ocupacionales del ejercicio profesional.<\/p>\n<p>Visibilizar pr\u00e1cticas profesionales como espacio de construcci\u00f3n de conocimiento en diferentes campos de intervenci\u00f3n, identificando desaf\u00edos y aportes en el marco de pol\u00edticas p\u00fablico-sociales vigentes.<\/p>\n<p><strong>EJES CENTRALES<\/strong><\/p>\n<p>1. Proyectos socio-profesionales y organizaciones colectivas de Trabajo Social. Debates en el actual contexto.<\/p>\n<p>2. Institucionalidad social, enfoque de derechos y pol\u00edticas p\u00fablico-sociales en la contemporaneidad: dise\u00f1o e implementaci\u00f3n<\/p>\n<p>3. Intervenci\u00f3n Profesional: contextos, escenarios, espacios de Intervenci\u00f3n y condiciones socio-institucionales \/ laborales<\/p>\n<p>4. Tem\u00e1ticas, problem\u00e1ticas y campos de inserci\u00f3n: visibilizaci\u00f3n e instalaci\u00f3n en agendas. Incumbencias y aportes espec\u00edficos desde Trabajo Social.<\/p>\n<p><strong>ORGANIZACI\u00d3N:<\/strong><\/p>\n<p>La modalidad se encuentra estructurada de la siguiente forma:<\/p>\n<p>&#8211; Paneles centrales (4)<\/p>\n<p>&#8211; Mesas de ponencias sobre los ejes propuestos, con los expositores autores de los trabajos seleccionados por el Comit\u00e9 Acad\u00e9mico y enviados en las fechas que ser\u00e1n estipuladas.<\/p>\n<p>&nbsp;<\/p>\n<p><strong>INSCRIPCI\u00d3N<\/strong><\/p>\n<p>Se har\u00e1n a trav\u00e9s de los Colegio o Consejos de cada provincia o Jurisdicci\u00f3n.<\/p>\n<p>Hasta el 31 de Julio<\/p>\n<p>Desde el 1 de Agosto hasta el Congreso<\/p>\n<p>Profesionales Activos<\/p>\n<p>(matricula al d\u00eda)<\/p>\n<p>$ 400<\/p>\n<p>Profesionales Activos<\/p>\n<p>(matricula al d\u00eda)<\/p>\n<p>$ 600<\/p>\n<p>Otros Profesionales<\/p>\n<p>$ 800<\/p>\n<p>Otros Profesionales<\/p>\n<p>$ 800<\/p>\n<p>Estudiantes<\/p>\n<p>$ 200<\/p>\n<p>Estudiantes<\/p>\n<p>$ 200<\/p>\n<p>&nbsp;<\/p>\n<p>En una pr\u00f3xima circular informaremos sobre:<\/p>\n<p>&#8211; Lugares donde se realizar\u00e1 el Congreso<\/p>\n<p>&#8211; Panelistas invitados,<\/p>\n<p>&#8211; Condiciones y requisitos para presentaci\u00f3n de ponencias e<\/p>\n<p>&#8211; Informaci\u00f3n \u00fatil a tener en cuenta.<\/p>\n","protected":false},"excerpt":{"rendered":"<p>FUNDAMENTACI\u00d3N: La propuesta de esta edici\u00f3n del Congreso Nacional de Trabajo Social, tiene como finalidad central, problematizar sobre distintos proyectos<\/p>\n","protected":false},"author":1,"featured_media":4465,"comment_status":"open","ping_status":"open","sticky":false,"template":"","format":"standard","meta":{"footnotes":""},"categories":[9,14],"tags":[68],"_links":{"self":[{"href":"https:\/\/cpsscba.org\/confluenciasvirtual\/index.php?rest_route=\/wp\/v2\/posts\/4411"}],"collection":[{"href":"https:\/\/cpsscba.org\/confluenciasvirtual\/index.php?rest_route=\/wp\/v2\/posts"}],"about":[{"href":"https:\/\/cpsscba.org\/confluenciasvirtual\/index.php?rest_route=\/wp\/v2\/types\/post"}],"author":[{"embeddable":true,"href":"https:\/\/cpsscba.org\/confluenciasvirtual\/index.php?rest_route=\/wp\/v2\/users\/1"}],"replies":[{"embeddable":true,"href":"https:\/\/cpsscba.org\/confluenciasvirtual\/index.php?rest_route=%2Fwp%2Fv2%2Fcomments&post=4411"}],"version-history":[{"count":5,"href":"https:\/\/cpsscba.org\/confluenciasvirtual\/index.php?rest_route=\/wp\/v2\/posts\/4411\/revisions"}],"predecessor-version":[{"id":4440,"href":"https:\/\/cpsscba.org\/confluenciasvirtual\/index.php?rest_route=\/wp\/v2\/posts\/4411\/revisions\/4440"}],"wp:featuredmedia":[{"embeddable":true,"href":"https:\/\/cpsscba.org\/confluenciasvirtual\/index.php?rest_route=\/wp\/v2\/media\/4465"}],"wp:attachment":[{"href":"https:\/\/cpsscba.org\/confluenciasvirtual\/index.php?rest_route=%2Fwp%2Fv2%2Fmedia&parent=4411"}],"wp:term":[{"taxonomy":"category","embeddable":true,"href":"https:\/\/cpsscba.org\/confluenciasvirtual\/index.php?rest_route=%2Fwp%2Fv2%2Fcategories&post=4411"},{"taxonomy":"post_tag","embeddable":true,"href":"https:\/\/cpsscba.org\/confluenciasvirtual\/index.php?rest_route=%2Fwp%2Fv2%2Ftags&post=4411"}],"curies":[{"name":"wp","href":"https:\/\/api.w.org\/{rel}","templated":true}]}}