{"id":4402,"date":"2016-02-03T03:35:25","date_gmt":"2016-02-03T03:35:25","guid":{"rendered":"http:\/\/cpsscba.org\/confluenciasvirtual\/?p=4402"},"modified":"2016-02-03T03:35:25","modified_gmt":"2016-02-03T03:35:25","slug":"repudiamos-los-despidos-y-convocamos-a-movilizar","status":"publish","type":"post","link":"https:\/\/cpsscba.org\/confluenciasvirtual\/?p=4402","title":{"rendered":"Repudiamos los despidos y convocamos a movilizar"},"content":{"rendered":"<p><img loading=\"lazy\" decoding=\"async\" class=\"aligncenter\" alt=\"\" src=\"http:\/\/2.bp.blogspot.com\/-hGz0qolyyBk\/VrF1COvsY2I\/AAAAAAAAAk8\/UcPc-Wk4vpE\/s640\/nodespidos.jpg\" width=\"481\" height=\"640\" \/><\/p>\n<p><strong>Ante los despidos, poner en conocimeinto e invitar a la ciudadania cordobesa.<\/strong><\/p>\n<p>En las \u00faltimas semanas de enero se produjo una ola de despidos masivos en la administraci\u00f3n p\u00fablica provincial de C\u00f3rdoba, notificando a trabajadores de diversas la rescisi\u00f3n anticipada de sus contratos.<\/p>\n<p>En este marco, 23 trabajadores psic\u00f3logxs que desempe\u00f1aban sus funciones en el Complejo Esperanza (Sistema Penal Juvenil, SeNAF), 2 psic\u00f3logas y 5 trabajadoras sociales en la Direcci\u00f3n de Violencia Familiar, y 4 psic\u00f3logas, 1 trabajadora social, 5 abogados y 4 administrativos en la Secretar\u00eda de Trata, quedaron sin trabajo.<\/p>\n<p>Este masivo despido deja en evidencia el vaciamiento de puestos laborales por decisi\u00f3n del Gobernador, esto es desmantelar las instituciones que prestan servicios a la ciudadan\u00eda, en temas sensibles tales como ni\u00f1os, ni\u00f1as y adolescentes en conflicto con la ley penal, mujeres v\u00edctimas de violencia de g\u00e9nero, y mujeres v\u00edctimas de trata de personas.<\/p>\n<p>Exigimos la restituci\u00f3n de los puestos de trabajo, ya que dichos despidos no s\u00f3lo incurren en una vulneraci\u00f3n de parte del Gobierno Provincial de los derechos laborales de los profesionales cesanteados, sino que tambi\u00e9n agravan la situaci\u00f3n de vulneraci\u00f3n de derechos de la poblaci\u00f3n antes mencionada.<\/p>\n<p>Ante esta situaci\u00f3n de emergencia, lxs trabajadorxs despedidxs de las tres reparticiones se\u00f1aladas invitamos y convocamos a todas las organizaciones sociales, civiles y pol\u00edticas y a la ciudadan\u00eda en general, por la defensa de nuestros puestos de trabajo, la defensa de los derechos humanos, y la continuidad de estas pol\u00edticas p\u00fablicas, a marchar el jueves 4 de febrero, a las 18 hs. desde Col\u00f3n y General Paz.<\/p>\n<p>Trabajadorxs despedidxs en lucha por la reincorporaci\u00f3n.<\/p>\n<p>Adhesiones al mail: adhesiontrabajadorxsenlucha@<wbr \/>Gmail.com<\/p>\n","protected":false},"excerpt":{"rendered":"<p>Ante los despidos, poner en conocimeinto e invitar a la ciudadania cordobesa. En las \u00faltimas semanas de enero se produjo<\/p>\n","protected":false},"author":1,"featured_media":0,"comment_status":"open","ping_status":"open","sticky":false,"template":"","format":"standard","meta":{"footnotes":""},"categories":[35,13,14],"tags":[],"_links":{"self":[{"href":"https:\/\/cpsscba.org\/confluenciasvirtual\/index.php?rest_route=\/wp\/v2\/posts\/4402"}],"collection":[{"href":"https:\/\/cpsscba.org\/confluenciasvirtual\/index.php?rest_route=\/wp\/v2\/posts"}],"about":[{"href":"https:\/\/cpsscba.org\/confluenciasvirtual\/index.php?rest_route=\/wp\/v2\/types\/post"}],"author":[{"embeddable":true,"href":"https:\/\/cpsscba.org\/confluenciasvirtual\/index.php?rest_route=\/wp\/v2\/users\/1"}],"replies":[{"embeddable":true,"href":"https:\/\/cpsscba.org\/confluenciasvirtual\/index.php?rest_route=%2Fwp%2Fv2%2Fcomments&post=4402"}],"version-history":[{"count":1,"href":"https:\/\/cpsscba.org\/confluenciasvirtual\/index.php?rest_route=\/wp\/v2\/posts\/4402\/revisions"}],"predecessor-version":[{"id":4403,"href":"https:\/\/cpsscba.org\/confluenciasvirtual\/index.php?rest_route=\/wp\/v2\/posts\/4402\/revisions\/4403"}],"wp:attachment":[{"href":"https:\/\/cpsscba.org\/confluenciasvirtual\/index.php?rest_route=%2Fwp%2Fv2%2Fmedia&parent=4402"}],"wp:term":[{"taxonomy":"category","embeddable":true,"href":"https:\/\/cpsscba.org\/confluenciasvirtual\/index.php?rest_route=%2Fwp%2Fv2%2Fcategories&post=4402"},{"taxonomy":"post_tag","embeddable":true,"href":"https:\/\/cpsscba.org\/confluenciasvirtual\/index.php?rest_route=%2Fwp%2Fv2%2Ftags&post=4402"}],"curies":[{"name":"wp","href":"https:\/\/api.w.org\/{rel}","templated":true}]}}