{"id":3351,"date":"2014-06-02T23:27:08","date_gmt":"2014-06-02T23:27:08","guid":{"rendered":"http:\/\/cpsscba.org\/confluenciasvirtual\/?p=3351"},"modified":"2014-06-03T00:13:04","modified_gmt":"2014-06-03T00:13:04","slug":"primera-jornada-de-acceso-a-la-justica-el-abuso-sexual-contra-ninos-ninas-y-adolescentes-des-proteccion-integral-de-lo-individual-a-lo-colectivo","status":"publish","type":"post","link":"https:\/\/cpsscba.org\/confluenciasvirtual\/?p=3351","title":{"rendered":"\u201cPrimera Jornada de Acceso a la Justicia: El Abuso Sexual contra Ni\u00f1os, Ni\u00f1as y Adolescentes. Des &#8211; protecci\u00f3n Integral: de lo Individual a lo Colectivo."},"content":{"rendered":"<p><a href=\"http:\/\/cpsscba.org\/confluenciasvirtual\/wp-content\/uploads\/2014\/06\/10334253_651852601561747_4576617883111273557_n.jpg\"><img loading=\"lazy\" decoding=\"async\" class=\"size-full wp-image-3352 aligncenter\" alt=\"10334253_651852601561747_4576617883111273557_n\" src=\"http:\/\/cpsscba.org\/confluenciasvirtual\/wp-content\/uploads\/2014\/06\/10334253_651852601561747_4576617883111273557_n.jpg\" width=\"526\" height=\"394\" srcset=\"https:\/\/cpsscba.org\/confluenciasvirtual\/wp-content\/uploads\/2014\/06\/10334253_651852601561747_4576617883111273557_n.jpg 526w, https:\/\/cpsscba.org\/confluenciasvirtual\/wp-content\/uploads\/2014\/06\/10334253_651852601561747_4576617883111273557_n-300x224.jpg 300w\" sizes=\"(max-width: 526px) 100vw, 526px\" \/><\/a><\/p>\n<p>&nbsp;<\/p>\n<p>Desde el Programa de Acceso a la Justicia para Todos &#8211; C\u00f3rdoba, dependiente del Ministerio de Justicia y Derechos Humanos de la Naci\u00f3n, se han recibido numerosas consultas y derivaciones referidas al abuso sexual contra ni\u00f1os, ni\u00f1as y adolescentes, sean estas de manera espontanea como as\u00ed tambi\u00e9n provenientes de diversos organismo, como la Oficina Antimpunidad dependiente del mismo ministerio.<!--more--><\/p>\n<p>Es desde este punto que se comenz\u00f3 un trabajo individual y colectivo, que culmino en la conformaci\u00f3n de una asociaci\u00f3n civil constituida por familiares y v\u00edctimas, que actualmente trabajan esta problem\u00e1tica.<\/p>\n<p>Por otro lado, la ratificaci\u00f3n por parte del Estado Argentino de diversos instrumentos internacionales, en especial la Convenci\u00f3n de los Derechos de los Ni\u00f1os y los avances legislativos producidos a nivel Nacional en materia de infancia y adolescencia genera la necesidad de adoptar pol\u00edticas tendientes a satisfacer y hacer efectivos los derechos all\u00ed reconocidos, como as\u00ed tambi\u00e9n generar \u00e1mbitos de promoci\u00f3n y empoderamiento de estos derechos.<\/p>\n<p>Es por esto que reconocemos la importancia de abordar desde distintos \u00e1ngulos y posiciones esta problem\u00e1tica social y los componentes fundamentales para la visibilizaci\u00f3n y construcci\u00f3n prioritaria como agenda de estado, aportando a la reflexi\u00f3n que instalen nuevos elementos te\u00f3ricos \u2013 pr\u00e1cticos que contribuyan a la construcci\u00f3n de una mirada desde un enfoque de los derechos humanos, iniciando un proceso de an\u00e1lisis, reflexi\u00f3n y construcci\u00f3n te\u00f3rica y pol\u00edtica que aporte a provocar rupturas en las miradas naturalizadas, producidas y reproducidas desde lo social e individual.<\/p>\n<p>Bajo este marco, y teniendo en cuenta el escenario provincial en el que se desarrollan las pol\u00edticas p\u00fablicas referidas a la ni\u00f1ez y el g\u00e9nero, se visualizo la necesidad de realizar una jornada de reflexi\u00f3n, an\u00e1lisis y construcci\u00f3n colectiva en relaci\u00f3n al abuso sexual contra ni\u00f1os, ni\u00f1as y adolescentes, las instituciones que lo gestionan de manera directa o indirecta, sus perspectivas y posicionamientos para la intervenci\u00f3n, la lucha por la visibilizaci\u00f3n de este flagelo, y la importancia del rol del estado y la comunidad, cumpliendo con nuestro rol institucional de tejer redes y puentes que faciliten el acceso a la justicia, entendida esta ultima en t\u00e9rminos justicia social.<\/p>\n<p><b><span style=\"text-decoration: underline;\">Objetivos:<\/span><\/b><\/p>\n<p>&#8211;\u00a0\u00a0\u00a0\u00a0\u00a0\u00a0\u00a0\u00a0\u00a0 Generar un espacio de reflexi\u00f3n y an\u00e1lisis, para revisar las pr\u00e1cticas e intervenciones y el rol del estado como efector de pol\u00edticas p\u00fablicas en post de trabajar el abuso sexual contra ni\u00f1os, ni\u00f1as y adolescentes.<\/p>\n<p>&#8211;\u00a0\u00a0\u00a0\u00a0\u00a0\u00a0\u00a0\u00a0\u00a0 Promover herramientas e instrumentos te\u00f3ricos \u2013 metodol\u00f3gicos que faciliten la reflexi\u00f3n, an\u00e1lisis y elaboraci\u00f3n de estrategias de intervenci\u00f3n acordes y desde una perspectiva de los derechos humanos.<\/p>\n<p>&#8211;\u00a0\u00a0\u00a0\u00a0\u00a0\u00a0\u00a0\u00a0\u00a0 Sensibilizar sobre la importancia de la participaci\u00f3n de la sociedad y las organizaciones de base en la gesti\u00f3n de la problem\u00e1tica, en post de facilitar intervenciones colectivas.<\/p>\n<p><b><span style=\"text-decoration: underline;\">Contenidos:<\/span><\/b><\/p>\n<p>En la apertura de la jornada se desarrollara la pol\u00edtica p\u00fablica del estado nacional sobre Acceso a la Justicia en general, y el rol institucional en relaci\u00f3n a la Ni\u00f1ez y Adolescencia.<\/p>\n<p>En el primer panel se expondr\u00e1 los marcos normativos vigentes internacionales, nacionales y locales, y los paradigmas existentes en articulaci\u00f3n con las conceptualizaciones del Abuso Sexual contra Ni\u00f1os, Ni\u00f1as y Adolescentes en el contexto y la coyuntura actual.<\/p>\n<p>En el segundo panel presentara las perspectivas, posicionamientos e intervenciones en relaci\u00f3n a la problem\u00e1tica, as\u00ed como el desarrollo de obst\u00e1culos y oportunidades que se visualicen en sus pr\u00e1cticas. Algunos de los ejes a desarrollar ser\u00e1: experiencias de revinculacion familiar en situaci\u00f3n de abuso sexual, la complejidad del abuso sexual contra Ni\u00f1os Ni\u00f1as y adolescentes en el \u00e1mbito de la Salud, la asistencia a la v\u00edctimas, entre otras.<\/p>\n<p>En el Tercer panel se abordara la experiencia de distintas organizaciones gubernamentales y no gubernamentales en la lucha por la visibilizaci\u00f3n de la problem\u00e1tica. Se presentaran aportes de algunas investigaciones referidas a intervenciones llevadas a cabo en el plano local, evaluaciones de riesgo desde una perspectiva comunitaria, construcciones colectivas e incidencias en pol\u00edticas p\u00fablicas, los avatares de los organismos de bases en la lucha contra el abuso sexual contra Ni\u00f1os Ni\u00f1as y adolescentes, entre otras.<\/p>\n<p>Finalmente en el panel de cierre se articulara considerando la divisi\u00f3n de poderes, el rol del estado, y el compromiso de los funcionarios para la defensa de los NNA.<\/p>\n<p><b><span style=\"text-decoration: underline;\">Metodolog\u00eda:<\/span><\/b><\/p>\n<p>Se realizara con la modalidad de Jornadas ya que se tendr\u00e1 en cuenta una cantidad de asistentes de aproximadamente 200 personas, y su duraci\u00f3n es de un d\u00eda, a saber el 03 de Junio del corriente a\u00f1o. La misma ser\u00e1 vespertina, y comenzara a las 13:30 hs culminando a las 20:00 horas. En dicha franja horaria fijada para la jornada se desarrollaran cuatro mesas de disertaci\u00f3n, con un desarrollo de 1:00 hora cada una de ellas, con un receso en medio para la merienda. Lugar: Auditorio de la Facultad de Psicolog\u00eda de la U.N.C.<\/p>\n<p><b><span style=\"text-decoration: underline;\">Destinatarios de la Jornada: <\/span><\/b><\/p>\n<p>Estudiantes y egresados de Lic. En Psicolog\u00eda, Trabajo Social, Abogac\u00eda, Medicina, Psicopedagog\u00eda y otras profesiones afines y\/o que est\u00e1n relacionadas con la ni\u00f1ez y la adolescencia.\u00a0 P\u00fablico en general interesado en la tem\u00e1tica.<b><\/b><\/p>\n<p><b><span style=\"text-decoration: underline;\">Plan de Trabajo:<\/span><\/b><\/p>\n<p><span style=\"text-decoration: underline;\">Acreditaciones:<\/span> Se llevaran adelante a partir de las 13:30 hs y finalizaran a las 14:30 hs.<\/p>\n<p><span style=\"text-decoration: underline;\">Apertura:<\/span> Se realizara la presentaci\u00f3n de la jornada, al mismo tiempo se dar\u00e1 la bienvenida a las instituciones, organizaciones, y\/o actores relevantes que participen de manera activa o como asistentes, agradeciendo su presencia y apoyo. Luego se proceder\u00e1 a exponer el programa de Acceso a la Justicia para Todos. De 14:00 a 14:30 hs.-<\/p>\n<p>&#8211;\u00a0\u00a0\u00a0\u00a0\u00a0\u00a0\u00a0\u00a0\u00a0 Ab. D\u00e9bora Oliva \u2013 Directora de Promoci\u00f3n y Fortalecimiento para el Acceso a la Justica Ministerio Justicia y Derechos Humanos de la Naci\u00f3n \u2013 Presentaci\u00f3n del programa \u201cAcceso a la Justicia para Todos\u201d.<\/p>\n<p>&#8211;\u00a0\u00a0\u00a0\u00a0\u00a0\u00a0\u00a0\u00a0\u00a0 Ab. Sergio Carullo \u2013 Coordinador del Centro de Acceso a la Justicia de Barrio M\u00fcller \u2013 Presentaci\u00f3n del programa \u201cAcceso a la Justicia para Todos\u201d y su desarrollo en la provincia.<\/p>\n<p><span style=\"text-decoration: underline;\">Desarrollo:<\/span> En este espacio se desarrollaran 3 (tres) mesas de disertaci\u00f3n (cada una de ellas contara con un moderador encargado de la presentaci\u00f3n y el uso del tiempo) en donde se abordaran los siguientes ejes y sus expositores ser\u00e1n:<\/p>\n<p>&#8211;\u00a0\u00a0\u00a0\u00a0\u00a0\u00a0\u00a0\u00a0\u00a0 <i>Abuso Sexual contra Ni\u00f1os, Ni\u00f1as y Adolescentes. Reflexiones Conceptuales y Normativas.<\/i> De 14:30 a 15:30 hs.-<i><\/i><\/p>\n<p>Lic. Omar Aragon \u2013 Vicepresidente del Colegio de Profesionales de Servicio Social de C\u00f3rdoba: \u201cEl Paradigma de Protecci\u00f3n Integral y Pol\u00edtica P\u00fabica: Posicionamiento Institucional\u201d.\u00a0 <b><\/b><\/p>\n<p>Lic. Eduardo J. Gianutti, Profesional del \u00c1rea Psico \u2013 Social de los Centros de Acceso a la Justicia de C\u00f3rdoba: Encuadres conceptuales y normativos. Escenarios locales, nacionales e internacionales.<\/p>\n<p>Ab. Marisel Segovia \u2013 Miembro del Colectivo Cordob\u00e9s por los Derechos de la Ni\u00f1os, Ni\u00f1as y J\u00f3venes \/ Miembro de la As. Civ. SEHAS \/ Docente del Seminario: Distintos paradigmas sobre la condici\u00f3n jur\u00eddica de la infancia \u2013 Facultad de Derecho y Cs. Sociales \u2013 \u201cEl abuso sexual como grave vulneraci\u00f3n de derechos de ni\u00f1os ni\u00f1as y adolescentes .Su abordaje en el marco del Sistema de protecci\u00f3n integral de derechos en\u00a0\u00a0C\u00f3rdoba\u201d.<\/p>\n<p>&nbsp;<\/p>\n<p>&#8211;\u00a0\u00a0\u00a0\u00a0\u00a0\u00a0\u00a0\u00a0\u00a0 <i>Perspectivas, Posicionamientos e Intervenciones de las distintas instituciones que gestionan la problem\u00e1tica.<\/i> De 15:30 a 16:50 hs.-<\/p>\n<p>Dra. Alicia Chirino \u2013 Fiscal de la Fiscal\u00eda Especializada en Delitos Contra la Integridad Sexual \u2013 Poder Judicial de la Provincia de C\u00f3rdoba \u2013 \u201cEl valor para la investigaci\u00f3n del abuso sexual: La funci\u00f3n del perito oficial y de control &#8211; La prueba pericial psicol\u00f3gica y socio-ambiental\u201d.<\/p>\n<p>Lic. Liliana Gait\u00e1n \u2013 Directora de Fortalecimiento Familiar de la SeNAF Provincia \u2013 y Equipo \u2013\u00a0 \u201cLa revinculaci\u00f3n familiar en situaci\u00f3n de al abuso sexual contra Ni\u00f1os, Ni\u00f1as y Adolescentes. Perspectivas y posicionamientos\u201d.-<\/p>\n<p>Equipo docente del Seminario de Ni\u00f1ez y Adolescencia \u2013 Escuela de Trabajo Social U.N.C. &#8211;<\/p>\n<p>Lic. Elizabeth Nahum \u2013 Miembro Colegio de Psic\u00f3logos de la Provincia de C\u00f3rdoba: El Pretendido el S\u00edndrome de Alienaci\u00f3n Parental (S.A.P.). Profesional a Designar.<\/p>\n<p>Dra. Karin Arbach &#8211; Investigadora del CONICET y\u00a0Titular de C\u00e1tedra de Criminolog\u00eda Cl\u00ednica de la Facultad de Psicolog\u00eda \u2013 U.N.C.\u00a0\u201cLineamientos generales sobre la evaluaci\u00f3n del riesgo de reincidencia en agresores sexuales desde la perspectiva de la criminolog\u00eda basada en la evidencia\u201d.<\/p>\n<p>&nbsp;<\/p>\n<p><b>Recreo para la Merienda de 16:50 a 17:20 hs<\/b><\/p>\n<p>&nbsp;<\/p>\n<p>&#8211;\u00a0\u00a0\u00a0\u00a0\u00a0\u00a0\u00a0\u00a0\u00a0 <i>\u201cLa lucha por la visibilidad de la problem\u00e1tica: el rol del estado y las organizaciones sociales en la defensa de los derechos de los Ni\u00f1os, Ni\u00f1as y Adolescentes\u201d.<\/i> De 17:30 a 18:30 hs.-<i><\/i><\/p>\n<p>Lic. Alicia Zamarbide y Equipo\u2013 Referente del equipo del <a href=\"http:\/\/hospitaldeninos.com.ar\/hn\/index.php?option=com_content&amp;view=article&amp;id=61:maltratoinfantil&amp;catid=49:programas&amp;Itemid=55\">Programa Maltrato Infantil<\/a> del <a href=\"http:\/\/hospitaldeninos.com.ar\/hn\/index.php\">Hospital de Ni\u00f1os de la Sant\u00edsima Trinidad<\/a> \u2013 \u201cLa complejidad del abuso sexual contra Ni\u00f1os Ni\u00f1as y adolescentes en el \u00e1mbito de la Salud. Experiencias y Articulaciones.\u201d<\/p>\n<p>Mercedes E. Feulleit: Presidenta de la Comisi\u00f3n Directiva de la Asociaci\u00f3n Civil AFCAMI (Asociaci\u00f3n Contra el Abuso y el Maltrato Infantil) y Equipo: \u201cAvatares en la lucha contra el abuso sexual contra Ni\u00f1os, Ni\u00f1as y Adolescentes en C\u00f3rdoba\u201d.<\/p>\n<p>Lic. Facundo M. de la Vega &#8211; Profesional del \u00c1rea Psico \u2013 Social de los Centros de Acceso a la Justicia de C\u00f3rdoba \u2013 Perspectiva Psico \u2013 Social del abuso y el maltrato contra ni\u00f1os, ni\u00f1as y adolescentes, posicionamiento institucional y construcciones colectivas como forma de incidir en las pol\u00edticas p\u00fablicas.<b><\/b><\/p>\n<p>&nbsp;<\/p>\n<p><span style=\"text-decoration: underline;\">Cierre:<\/span> En este espacio se desarrollaran 1 (una) mesas de disertaci\u00f3n y reflexi\u00f3n (que contara con un moderador encargado de la presentaci\u00f3n y el uso del tiempo) en donde se abordara el siguiente eje y sus expositores ser\u00e1n:<\/p>\n<p>&#8211;\u00a0\u00a0\u00a0\u00a0\u00a0\u00a0\u00a0\u00a0\u00a0 <i>\u201cReflexiones en torno a la Problem\u00e1tica: algunos aportes de retroalimentaci\u00f3n para las pol\u00edticas p\u00fablicas e intervenciones y actuaciones profesionales\u201d.<\/i> 18:30 a 20:00 hs.<i><\/i><\/p>\n<p>Jueza. Graciela Dora Jofr\u00e9 \u2013 Jueza de Paz de Villa Gesell \u2013 \u201cLa Ley de Impedimento de contacto y el S.A.P. El rol de la Justicia en la Defensa de los derechos de los Ni\u00f1os, Ni\u00f1as y Adolescentes.\u201d<\/p>\n<p>Juez. Carlos Rozanski \u2013 Juez Federal \u2013 \u201c\u201cMedidas para evitar la re victimizaci\u00f3n de\u00a0Ni\u00f1os, Ni\u00f1as y Adolescentes en situaci\u00f3n de abuso\u00a0en los procesos judiciales: La C\u00e1mara Gesell\u00bb<\/p>\n<p>Lic. Gabriela Est\u00e9vez \u2013 Psic\u00f3loga y Jefa Regional del Anses \u2013 \u201cLa importancia de las Pol\u00edticas P\u00fablicas en estas de problem\u00e1ticas sociales\u201d.<\/p>\n<p>&nbsp;<\/p>\n<p>Entrega de Certificados a los Asistentes. De 20:00 a 20:30 hs.<\/p>\n<p><b><span style=\"text-decoration: underline;\">Costos:<\/span><\/b><\/p>\n<p>La Jornada es de car\u00e1cter gratuito.-<\/p>\n<p><b><span style=\"text-decoration: underline;\">Medio de Inscripci\u00f3n<\/span><\/b>:<\/p>\n<p>La Inscripci\u00f3n ser\u00e1 por internet enviando un correo electr\u00f3nico a la direcci\u00f3n: <a href=\"mailto:accesoalajusticiajornadascba@gmail.com\">accesoalajusticiajornadascba@gmail.com<\/a>, o al comenzar la jornada.<\/p>\n<p><b><span style=\"text-decoration: underline;\">Evaluaci\u00f3n:<\/span><\/b><\/p>\n<p>No se efectuara.<\/p>\n<p>&nbsp;<\/p>\n<p><b><span style=\"text-decoration: underline;\">Bibliograf\u00eda:<\/span><\/b><\/p>\n<p>A confirmar<\/p>\n","protected":false},"excerpt":{"rendered":"<p>&nbsp; Desde el Programa de Acceso a la Justicia para Todos &#8211; C\u00f3rdoba, dependiente del Ministerio de Justicia y Derechos<\/p>\n","protected":false},"author":1,"featured_media":0,"comment_status":"open","ping_status":"open","sticky":false,"template":"","format":"standard","meta":{"footnotes":""},"categories":[42,14,39],"tags":[],"_links":{"self":[{"href":"https:\/\/cpsscba.org\/confluenciasvirtual\/index.php?rest_route=\/wp\/v2\/posts\/3351"}],"collection":[{"href":"https:\/\/cpsscba.org\/confluenciasvirtual\/index.php?rest_route=\/wp\/v2\/posts"}],"about":[{"href":"https:\/\/cpsscba.org\/confluenciasvirtual\/index.php?rest_route=\/wp\/v2\/types\/post"}],"author":[{"embeddable":true,"href":"https:\/\/cpsscba.org\/confluenciasvirtual\/index.php?rest_route=\/wp\/v2\/users\/1"}],"replies":[{"embeddable":true,"href":"https:\/\/cpsscba.org\/confluenciasvirtual\/index.php?rest_route=%2Fwp%2Fv2%2Fcomments&post=3351"}],"version-history":[{"count":5,"href":"https:\/\/cpsscba.org\/confluenciasvirtual\/index.php?rest_route=\/wp\/v2\/posts\/3351\/revisions"}],"predecessor-version":[{"id":3355,"href":"https:\/\/cpsscba.org\/confluenciasvirtual\/index.php?rest_route=\/wp\/v2\/posts\/3351\/revisions\/3355"}],"wp:attachment":[{"href":"https:\/\/cpsscba.org\/confluenciasvirtual\/index.php?rest_route=%2Fwp%2Fv2%2Fmedia&parent=3351"}],"wp:term":[{"taxonomy":"category","embeddable":true,"href":"https:\/\/cpsscba.org\/confluenciasvirtual\/index.php?rest_route=%2Fwp%2Fv2%2Fcategories&post=3351"},{"taxonomy":"post_tag","embeddable":true,"href":"https:\/\/cpsscba.org\/confluenciasvirtual\/index.php?rest_route=%2Fwp%2Fv2%2Ftags&post=3351"}],"curies":[{"name":"wp","href":"https:\/\/api.w.org\/{rel}","templated":true}]}}