{"id":3343,"date":"2014-05-17T16:01:19","date_gmt":"2014-05-17T16:01:19","guid":{"rendered":"http:\/\/cpsscba.org\/confluenciasvirtual\/?p=3343"},"modified":"2014-05-17T16:01:19","modified_gmt":"2014-05-17T16:01:19","slug":"eleccion-en-claustro-de-egresados-en-la-ets-unc","status":"publish","type":"post","link":"https:\/\/cpsscba.org\/confluenciasvirtual\/?p=3343","title":{"rendered":"Elecci\u00f3n en claustro de egresados en la ETS &#8211; UNC"},"content":{"rendered":"<p id=\"yui_3_16_0_1_1400347391871_4622\"><a href=\"http:\/\/cpsscba.org\/confluenciasvirtual\/wp-content\/uploads\/2014\/05\/DSC_0114.jpg\"><img loading=\"lazy\" decoding=\"async\" class=\"alignright size-full wp-image-3344\" alt=\"DSC_0114\" src=\"http:\/\/cpsscba.org\/confluenciasvirtual\/wp-content\/uploads\/2014\/05\/DSC_0114.jpg\" width=\"280\" height=\"210\" \/><\/a>El pr\u00f3ximo Jueves 22 de Mayo, el calendario electoral de la Universidad Nacional de C\u00f3rdoba, contin\u00faa con el Claustro de Egresados. Desde el Colegio de Profesionales invitamos a participar a la Elecci\u00f3n de representantes egresados\/as en los \u00f3rganos de co-gobierno universitario:<\/p>\n<ul id=\"yui_3_16_0_1_1400347391871_4629\">\n<li id=\"yui_3_16_0_1_1400347391871_4628\">\n<p id=\"yui_3_16_0_1_1400347391871_4627\">Consejeros\/as Consultivos de la Escuela de Trabajo Social.<\/p>\n<\/li>\n<li id=\"yui_3_16_0_1_1400347391871_4631\">\n<p id=\"yui_3_16_0_1_1400347391871_4630\">Consejeros\/as Directivos de la Facultad de Derecho.<\/p>\n<\/li>\n<li id=\"yui_3_16_0_1_1400347391871_4633\">\n<p id=\"yui_3_16_0_1_1400347391871_4632\">Consiliarios\/as de la Universidad.<!--more--><\/p>\n<\/li>\n<\/ul>\n<p>Entendemos que la construcci\u00f3n de la profesi\u00f3n no puede prescindir de las discusiones que se suceden en el \u00e1mbito acad\u00e9mico. Por esto, creemos central la participaci\u00f3n de los\/as colegas en las decisiones que son de gran relevancia para nuestro ejercicio profesional como puede ser el debate del Proyecto de creaci\u00f3n de la Facultad de de Ciencias Sociales donde se incluir\u00eda nuestra carrera. De este mismo modo, las reflexiones que se desarrollan en el ejercicio profesional relacionadas a las condiciones de trabajo y la formaci\u00f3n de post grado, deben dialogar con la Escuela como actor imprescindible de la profesi\u00f3n.<\/p>\n<p>Por todos los desaf\u00edos que tenemos por delante como colectivo profesional, desde el Colegio de Profesionales invitamos a fortalecer la democracia haciendo ejercicio de nuestro derecho al voto.<\/p>\n<p id=\"yui_3_16_0_1_1400347391871_4649\">Se vota: En la Escuela de Trabajo Social (Valparaiso s\/n \u2013 Ciudad Universitaria), de 8 a 18 hs. con DNI.<\/p>\n<p><strong>Padr\u00f3n egresados<\/strong><\/p>\n<div><img loading=\"lazy\" decoding=\"async\" title=\"application\/pdf\" alt=\"\" src=\"http:\/\/trabajosocial.unc.edu.ar\/modules\/file\/icons\/application-pdf.png\" width=\"16\" height=\"16\" \/><a href=\"http:\/\/trabajosocial.unc.edu.ar\/download\/file\/fid\/320\">Egresados HCACETS 2014 definitivo2.pdf<\/a><\/div>\n<div><\/div>\n<p><strong>Claustro de Egresados en la Escuela de Trabajo Social de la UNC<\/strong><\/p>\n<p>Reconocimiento: 22 de abril<\/p>\n<p>Oficializaci\u00f3n: 8 de mayo<\/p>\n<p><strong>Elecciones: 22 de mayo<\/strong><\/p>\n<p>&nbsp;<\/p>\n","protected":false},"excerpt":{"rendered":"<p>El pr\u00f3ximo Jueves 22 de Mayo, el calendario electoral de la Universidad Nacional de C\u00f3rdoba, contin\u00faa con el Claustro de<\/p>\n","protected":false},"author":1,"featured_media":3345,"comment_status":"open","ping_status":"open","sticky":false,"template":"","format":"standard","meta":{"footnotes":""},"categories":[14,24],"tags":[],"_links":{"self":[{"href":"https:\/\/cpsscba.org\/confluenciasvirtual\/index.php?rest_route=\/wp\/v2\/posts\/3343"}],"collection":[{"href":"https:\/\/cpsscba.org\/confluenciasvirtual\/index.php?rest_route=\/wp\/v2\/posts"}],"about":[{"href":"https:\/\/cpsscba.org\/confluenciasvirtual\/index.php?rest_route=\/wp\/v2\/types\/post"}],"author":[{"embeddable":true,"href":"https:\/\/cpsscba.org\/confluenciasvirtual\/index.php?rest_route=\/wp\/v2\/users\/1"}],"replies":[{"embeddable":true,"href":"https:\/\/cpsscba.org\/confluenciasvirtual\/index.php?rest_route=%2Fwp%2Fv2%2Fcomments&post=3343"}],"version-history":[{"count":2,"href":"https:\/\/cpsscba.org\/confluenciasvirtual\/index.php?rest_route=\/wp\/v2\/posts\/3343\/revisions"}],"predecessor-version":[{"id":3347,"href":"https:\/\/cpsscba.org\/confluenciasvirtual\/index.php?rest_route=\/wp\/v2\/posts\/3343\/revisions\/3347"}],"wp:featuredmedia":[{"embeddable":true,"href":"https:\/\/cpsscba.org\/confluenciasvirtual\/index.php?rest_route=\/wp\/v2\/media\/3345"}],"wp:attachment":[{"href":"https:\/\/cpsscba.org\/confluenciasvirtual\/index.php?rest_route=%2Fwp%2Fv2%2Fmedia&parent=3343"}],"wp:term":[{"taxonomy":"category","embeddable":true,"href":"https:\/\/cpsscba.org\/confluenciasvirtual\/index.php?rest_route=%2Fwp%2Fv2%2Fcategories&post=3343"},{"taxonomy":"post_tag","embeddable":true,"href":"https:\/\/cpsscba.org\/confluenciasvirtual\/index.php?rest_route=%2Fwp%2Fv2%2Ftags&post=3343"}],"curies":[{"name":"wp","href":"https:\/\/api.w.org\/{rel}","templated":true}]}}