{"id":3017,"date":"2013-11-15T00:48:08","date_gmt":"2013-11-15T00:48:08","guid":{"rendered":"http:\/\/cpsscba.org\/confluenciasvirtual\/?p=3017"},"modified":"2013-11-15T00:48:37","modified_gmt":"2013-11-15T00:48:37","slug":"documento-de-la-mesa-ampliada-del-observatorio-de-practicas-en-derechos-humanos","status":"publish","type":"post","link":"https:\/\/cpsscba.org\/confluenciasvirtual\/?p=3017","title":{"rendered":"Documento de la Mesa Ampliada del Observatorio de Pr\u00e1cticas en Derechos Humanos"},"content":{"rendered":"<p>Los integrantes de la Mesa ampliada del Observatorio de Pr\u00e1cticas en Derechos Humanos, conformada por la Universidad Nacional de C\u00f3rdoba (Programa Ni\u00f1ez y Juventud, Escuela de Trabajo Social y Escuela de Ciencias de la Informaci\u00f3n), la Universidad Cat\u00f3lica de C\u00f3rdoba, Legisladores Provinciales (Caffaratti, de Loredo, Montero, Birri, Clavijo, Ju\u00e1rez), el Colegio de Profesionales en Servicio Social, el Colegio de Psic\u00f3logos, Organismos de Derechos Humanos (Familiares, Abuelas e Hijos), APDH (Asamblea Permanente por los Derechos Humanos) y el Colectivo Cordob\u00e9s por los Derechos de Ni\u00f1as, Ni\u00f1os y J\u00f3venes, expresan que:<!--more-->Luego de haber visitado la localidad de Capilla del Monte el pasado 5 de noviembre y de haber dialogado ampliamente con el Intendente, Concejales, organizaciones sociales, j\u00f3venes y vecinos del Municipio,\u00a0 queremos expresar nuestra profunda preocupaci\u00f3n por la situaci\u00f3n de temor e indefensi\u00f3n que siente la comunidad frente al incremento de la conflictividad social, a distintos hechos de persecuci\u00f3n y violencia policial especialmente dirigida a j\u00f3venes y falta de respuestas institucionales frente a estos hechos que desde hace un tiempo viene padeciendo gran parte de la poblaci\u00f3n de la localidad.<\/p>\n<p><span style=\"font-size: 12px; line-height: 18px;\">Por este motivo consideramos que es URGENTE:<\/span><\/p>\n<p><strong>&#8211; El\u00a0 esclarecimiento de la muerte del joven Jorge Reyna,\u00a0<\/strong>clarificando de qu\u00e9 forma se produjo la asfixia que surge de\u00a0 la autopsia y los golpes recibidos antes de su muerte.<\/p>\n<p><strong>&#8211;\u00a0 La investigaci\u00f3n de las amenazas recibidas por j\u00f3venes y adultos\u00a0<\/strong>que tuvieron conocimiento de las condiciones en que se encontraba Jorge Reyna durante su detenci\u00f3n y la protecci\u00f3n a la integridad f\u00edsica de estas personas.<\/p>\n<p><strong>&#8211; Determinar las responsabilidades de los funcionarios\u00a0<\/strong>encargados de garantizar la integridad de los j\u00f3venes menores de 18 a\u00f1os cuando son detenidos por la polic\u00eda, especialmente si est\u00e1n bajo el Programa de Libertad Asistida dependiente de la Secretaria de Ni\u00f1ez de la provincia, como es este caso.<\/p>\n<p><strong>&#8211; Garantizar la seguridad de los vecinos y organizaciones\u00a0<\/strong>que participan en las marchas y manifestaciones exigiendo justicia para que no sean objetos de malos tratos ni detenciones arbitrarias.<\/p>\n<p><strong>&#8211; Garantizar que el nuevo personal policial\u00a0<\/strong>incorporado en el Municipio\u00a0 ejerza sus funciones en un marco de total legalidad y respeto a los derechos de las personas.<\/p>\n<p>Desde la Mesa del Observatorio de DDHH de la UNC nos\u00a0<strong>ofrecemos\u00a0<\/strong>a:<\/p>\n<p><strong>&#8211; Colaborar con el Municipio y las organizaciones del territorio\u00a0<\/strong>en la creaci\u00f3n de espacios de concertaci\u00f3n de pol\u00edticas p\u00fablicas dirigidas a ni\u00f1os y j\u00f3venes como son los Consejos Municipales de Ni\u00f1ez, mesas de articulaci\u00f3n intersectorial, entre otros.<\/p>\n<p><strong>&#8211; Acompa\u00f1ar el requerimiento de pol\u00edticas y dispositivos de salud mental\u00a0<\/strong>en el territorio que puedan dar respuestas a la enorme demanda de asistencia a la salud frente al consumo problem\u00e1tico de sustancias de j\u00f3venes y adultos.<\/p>\n<p><strong>&#8211; Apoyar a las organizaciones del territorio en la promoci\u00f3n de espacios recreativos, culturales u otros\u00a0<\/strong>donde los j\u00f3venes de la localidad puedan hacer escuchar su voz, expresarse y ejercer su derecho a la participaci\u00f3n\u00a0 protag\u00f3nica en su comunidad.<\/p>\n<p><strong>&#8211; Promover la generaci\u00f3n de espacios interinstitucionales\u00a0<\/strong>entre el municipio, sus distintas \u00e1reas vinculadas a pol\u00edticas dirigidas a ni\u00f1os,\u00a0 j\u00f3venes y sus familias y\u00a0 otros actores sociales de la comunidad interesados en garantizar los derechos establecidos en la Ley Provincial 9944 y Nacional 26061 de promoci\u00f3n y protecci\u00f3n integral de los derechos de ni\u00f1os y adolescentes.<\/p>\n","protected":false},"excerpt":{"rendered":"<p>Los integrantes de la Mesa ampliada del Observatorio de Pr\u00e1cticas en Derechos Humanos, conformada por la Universidad Nacional de C\u00f3rdoba<\/p>\n","protected":false},"author":1,"featured_media":3018,"comment_status":"open","ping_status":"open","sticky":false,"template":"","format":"standard","meta":{"footnotes":""},"categories":[14],"tags":[],"_links":{"self":[{"href":"https:\/\/cpsscba.org\/confluenciasvirtual\/index.php?rest_route=\/wp\/v2\/posts\/3017"}],"collection":[{"href":"https:\/\/cpsscba.org\/confluenciasvirtual\/index.php?rest_route=\/wp\/v2\/posts"}],"about":[{"href":"https:\/\/cpsscba.org\/confluenciasvirtual\/index.php?rest_route=\/wp\/v2\/types\/post"}],"author":[{"embeddable":true,"href":"https:\/\/cpsscba.org\/confluenciasvirtual\/index.php?rest_route=\/wp\/v2\/users\/1"}],"replies":[{"embeddable":true,"href":"https:\/\/cpsscba.org\/confluenciasvirtual\/index.php?rest_route=%2Fwp%2Fv2%2Fcomments&post=3017"}],"version-history":[{"count":3,"href":"https:\/\/cpsscba.org\/confluenciasvirtual\/index.php?rest_route=\/wp\/v2\/posts\/3017\/revisions"}],"predecessor-version":[{"id":3021,"href":"https:\/\/cpsscba.org\/confluenciasvirtual\/index.php?rest_route=\/wp\/v2\/posts\/3017\/revisions\/3021"}],"wp:featuredmedia":[{"embeddable":true,"href":"https:\/\/cpsscba.org\/confluenciasvirtual\/index.php?rest_route=\/wp\/v2\/media\/3018"}],"wp:attachment":[{"href":"https:\/\/cpsscba.org\/confluenciasvirtual\/index.php?rest_route=%2Fwp%2Fv2%2Fmedia&parent=3017"}],"wp:term":[{"taxonomy":"category","embeddable":true,"href":"https:\/\/cpsscba.org\/confluenciasvirtual\/index.php?rest_route=%2Fwp%2Fv2%2Fcategories&post=3017"},{"taxonomy":"post_tag","embeddable":true,"href":"https:\/\/cpsscba.org\/confluenciasvirtual\/index.php?rest_route=%2Fwp%2Fv2%2Ftags&post=3017"}],"curies":[{"name":"wp","href":"https:\/\/api.w.org\/{rel}","templated":true}]}}