{"id":2839,"date":"2013-09-15T00:58:00","date_gmt":"2013-09-15T00:58:00","guid":{"rendered":"http:\/\/cpsscba.org\/confluenciasvirtual\/?p=2839"},"modified":"2013-09-16T22:26:29","modified_gmt":"2013-09-16T22:26:29","slug":"estrategias-de-intervencion-del-trabajo-social-desde-la-proteccion-integral-de-los-derechos-de-los-ninos-ninas-y-adolescentes-rupturas-aportes-y-desafios","status":"publish","type":"post","link":"https:\/\/cpsscba.org\/confluenciasvirtual\/?p=2839","title":{"rendered":"\u201cEstrategias de intervenci\u00f3n del Trabajo Social desde la Protecci\u00f3n Integral de los Derechos de los ni\u00f1os, ni\u00f1as y adolescentes. Rupturas, aportes y desaf\u00edos"},"content":{"rendered":"<p style=\"text-align: left;\">Nos interesa entablar un di\u00e1logo entre colegas de trabajo social en torno al ejercicio profesional que estamos llevando adelante en nuestros lugares de trabajo para la restituci\u00f3n, promoci\u00f3n, protecci\u00f3n de los derechos de ni\u00f1os\/as y adolescentes.<\/p>\n<p style=\"text-align: center;\"><strong><a href=\"http:\/\/cpsscba.org\/confluenciasvirtual\/wp-content\/uploads\/2013\/09\/forowebdifusion.jpg\"><img loading=\"lazy\" decoding=\"async\" alt=\"forowebdifusion\" src=\"http:\/\/cpsscba.org\/confluenciasvirtual\/wp-content\/uploads\/2013\/09\/forowebdifusion.jpg\" width=\"316\" height=\"448\" \/><\/a><\/strong><\/p>\n<p><!--more--><\/p>\n<p><strong>Objetivos:<\/strong><\/p>\n<p>\u2022 Promover la reflexi\u00f3n colectiva sobre las rupturas, desaf\u00edos y aportes de la profesi\u00f3n en el contexto de cambios normativos e institucionales de ni\u00f1ez y adolescencia.<br \/>\n\u2022 Favorecer la apropiaci\u00f3n de nociones centrales del paradigma de la protecci\u00f3n integral y el enfoque de derechos en el ejercicio profesional del trabajo social.<br \/>\n\u2022 Consensuar lineamientos b\u00e1sicos de la intervenci\u00f3n del Trabajo Social en la ni\u00f1ez y adolescencia.<!--more--><\/p>\n<p><strong>Modalidad de trabajo: <\/strong><\/p>\n<p>El foro es un tipo de reuni\u00f3n donde distintas personas conversan entorno a un tema de inter\u00e9s com\u00fan. Desde esta metodolog\u00eda es que nos interesa entablar un di\u00e1logo entre colegas de trabajo social en torno al ejercicio profesional que estamos llevando adelante en nuestros lugares de trabajo para la restituci\u00f3n, promoci\u00f3n, protecci\u00f3n de los derechos de ni\u00f1os\/as y adolescentes.<\/p>\n<p>La propuesta es que todos\/as los\/as colegas tomemos la palabra y generemos un encuentro que posibilite pensar nuestras pr\u00e1cticas profesionales y comenzar a construir y sistematizar lineamientos que aporten al abordaje de los derechos de los\/as ni\u00f1os\/as y adolescentes.<\/p>\n<p>Destinatarios\/as: profesionales de trabajo social que se encuentran trabajando en el tema. Cupo limitado: 60 participantes<\/p>\n<ul>\n<li>D\u00eda: 19 septiembre 2013 Hora: 8:30 a 14:00hs.<\/li>\n<li>Lugar: Escuela de Trabajo Social.<\/li>\n<\/ul>\n<p><strong>Inscripciones:<\/strong><br \/>\nCPSSC: tel. 0351 \u2013 4226771 o en la sede Jujuy 330. C\u00f3rdoba. (Lunes a viernes de 10.00 a 18.00 horas)<br \/>\nEscuela de Trabajo Social, Secretaria de Graduados personalmente o por tel.: 0351 &#8211; 4334115 (mi\u00e9rcoles y jueves de 15 a 18 horas)<\/p>\n<p>Foro \u201cEstrategias de intervenci\u00f3n del Trabajo Social desde la Protecci\u00f3n Integral de los Derechos de los ni\u00f1os, ni\u00f1as y adolescentes. Rupturas, aportes y desaf\u00edos\u201d.<\/p>\n<p>19 DE SEPTIEMBRE DE 2013<br \/>\nOrganiza: Colegio de Profesionales en Servicio Social de la provincia de C\u00f3rdoba y Escuela de Trabajo Social de la Universidad Nacional de C\u00f3rdoba.<\/p>\n<p><strong>PROGRAMA:<\/strong><br \/>\n8:30 horas: Inscripciones<br \/>\n9:00 horas: Apertura: Nociones centrales del Paradigma de Protecci\u00f3n Integral y el enfoque de derechos.<br \/>\n9:40 horas: Presentaci\u00f3n de modalidad de trabajo y explicaci\u00f3n de consignas.<br \/>\n10:00 horas: Trabajo en grupos.<br \/>\n11:30 horas: Caf\u00e9<br \/>\n12:00 horas: Plenario<br \/>\n14:00 horas: Cierre y entrega de certificados.<\/p>\n<p style=\"text-align: center;\"><a href=\"http:\/\/cpsscba.org\/confluenciasvirtual\/wp-content\/uploads\/2012\/12\/banneruncetscpsspc.gif\"><img loading=\"lazy\" decoding=\"async\" class=\"aligncenter  wp-image-1901\" style=\"margin: 9px;\" alt=\"banneruncetscpsspc\" src=\"http:\/\/cpsscba.org\/confluenciasvirtual\/wp-content\/uploads\/2012\/12\/banneruncetscpsspc.gif\" width=\"700\" height=\"93\" \/><\/a><\/p>\n","protected":false},"excerpt":{"rendered":"<p>Nos interesa entablar un di\u00e1logo entre colegas de trabajo social en torno al ejercicio profesional que estamos llevando adelante en<\/p>\n","protected":false},"author":1,"featured_media":2844,"comment_status":"open","ping_status":"open","sticky":false,"template":"","format":"standard","meta":{"footnotes":""},"categories":[42,14,24],"tags":[],"_links":{"self":[{"href":"https:\/\/cpsscba.org\/confluenciasvirtual\/index.php?rest_route=\/wp\/v2\/posts\/2839"}],"collection":[{"href":"https:\/\/cpsscba.org\/confluenciasvirtual\/index.php?rest_route=\/wp\/v2\/posts"}],"about":[{"href":"https:\/\/cpsscba.org\/confluenciasvirtual\/index.php?rest_route=\/wp\/v2\/types\/post"}],"author":[{"embeddable":true,"href":"https:\/\/cpsscba.org\/confluenciasvirtual\/index.php?rest_route=\/wp\/v2\/users\/1"}],"replies":[{"embeddable":true,"href":"https:\/\/cpsscba.org\/confluenciasvirtual\/index.php?rest_route=%2Fwp%2Fv2%2Fcomments&post=2839"}],"version-history":[{"count":7,"href":"https:\/\/cpsscba.org\/confluenciasvirtual\/index.php?rest_route=\/wp\/v2\/posts\/2839\/revisions"}],"predecessor-version":[{"id":2841,"href":"https:\/\/cpsscba.org\/confluenciasvirtual\/index.php?rest_route=\/wp\/v2\/posts\/2839\/revisions\/2841"}],"wp:featuredmedia":[{"embeddable":true,"href":"https:\/\/cpsscba.org\/confluenciasvirtual\/index.php?rest_route=\/wp\/v2\/media\/2844"}],"wp:attachment":[{"href":"https:\/\/cpsscba.org\/confluenciasvirtual\/index.php?rest_route=%2Fwp%2Fv2%2Fmedia&parent=2839"}],"wp:term":[{"taxonomy":"category","embeddable":true,"href":"https:\/\/cpsscba.org\/confluenciasvirtual\/index.php?rest_route=%2Fwp%2Fv2%2Fcategories&post=2839"},{"taxonomy":"post_tag","embeddable":true,"href":"https:\/\/cpsscba.org\/confluenciasvirtual\/index.php?rest_route=%2Fwp%2Fv2%2Ftags&post=2839"}],"curies":[{"name":"wp","href":"https:\/\/api.w.org\/{rel}","templated":true}]}}