{"id":2678,"date":"2013-06-28T03:08:46","date_gmt":"2013-06-28T03:08:46","guid":{"rendered":"http:\/\/cpsscba.org\/confluenciasvirtual\/?p=2678"},"modified":"2013-06-29T04:33:14","modified_gmt":"2013-06-29T04:33:14","slug":"iv-jornadas-regionales-de-trabajo-social","status":"publish","type":"post","link":"https:\/\/cpsscba.org\/confluenciasvirtual\/?p=2678","title":{"rendered":"IV Jornadas Regionales de Trabajo Social"},"content":{"rendered":"<p><a href=\"http:\/\/cpsscba.org\/confluenciasvirtual\/wp-content\/uploads\/2013\/06\/1001492_284175611726702_456930096_n.jpg\"><img loading=\"lazy\" decoding=\"async\" class=\"alignright size-medium wp-image-2679\" alt=\"1001492_284175611726702_456930096_n\" src=\"http:\/\/cpsscba.org\/confluenciasvirtual\/wp-content\/uploads\/2013\/06\/1001492_284175611726702_456930096_n-300x200.jpg\" width=\"300\" height=\"200\" \/><\/a>Finaliz\u00f3 el primer d\u00eda de las IV Jornadas Regionales de Trabajo Social \u201cEl desaf\u00edo de la construcci\u00f3n de ciudadan\u00edas con inclusi\u00f3n social\u201d y las II Jornadas Internacionales \u201cSociedad, Estado y Universidad\u201d.<\/p>\n<p>Por: Delegaci\u00f3n Villa Mar\u00eda.<\/p>\n<p>Queremos compartir la gratificaci\u00f3n de ser representadas en el acto de apertura por nuestra presidenta del Colegio de Profesionales de Servicio Social de la provincia de C\u00f3rdoba, Mar\u00eda Ang\u00e9lica Paviolo, quien acompa\u00f1\u00f3 la ceremonia inaugural junto a la vicerrectora a cargo del Rectorado, contadora Cecilia Conci, el decano del Instituto A.P. de Ciencias Sociales, abogado Aldo Paredes; la secretaria de Investigaci\u00f3n y Extensi\u00f3n del mismo Instituto, Elizabeth Theiler; la doctora Mar\u00eda Elena Flores, Coordinadora de la Licenciatura en Trabajo Social de la UNVM.<!--more--><\/p>\n<p>Tambi\u00e9n en la conferencia central \u00abFormaci\u00f3n acad\u00e9mica y cuesti\u00f3n social\u00bb nos acompa\u00f1o Silvana Martinez, presidenta de la Federaci\u00f3n Argentina de Asociaciones Profesionales de Servicio Social (FAAPSS), representante de todos los trabajadores\/asistentes sociales del pa\u00eds, junto a Dr Alejandro Del Valle, Mgter Pilar Fuentes, Dra. Cecilia Aguayo Cuevas.<\/p>\n<p>La actividad contin\u00faa ma\u00f1ana con presentaciones de libros y el desarrollo de diversas mesas tem\u00e1ticas junto a destacados especialistas. LOS ESPERAMOS!<\/p>\n","protected":false},"excerpt":{"rendered":"<p>Finaliz\u00f3 el primer d\u00eda de las IV Jornadas Regionales de Trabajo Social \u201cEl desaf\u00edo de la construcci\u00f3n de ciudadan\u00edas con<\/p>\n","protected":false},"author":1,"featured_media":2684,"comment_status":"open","ping_status":"open","sticky":false,"template":"","format":"standard","meta":{"footnotes":""},"categories":[14,22],"tags":[],"_links":{"self":[{"href":"https:\/\/cpsscba.org\/confluenciasvirtual\/index.php?rest_route=\/wp\/v2\/posts\/2678"}],"collection":[{"href":"https:\/\/cpsscba.org\/confluenciasvirtual\/index.php?rest_route=\/wp\/v2\/posts"}],"about":[{"href":"https:\/\/cpsscba.org\/confluenciasvirtual\/index.php?rest_route=\/wp\/v2\/types\/post"}],"author":[{"embeddable":true,"href":"https:\/\/cpsscba.org\/confluenciasvirtual\/index.php?rest_route=\/wp\/v2\/users\/1"}],"replies":[{"embeddable":true,"href":"https:\/\/cpsscba.org\/confluenciasvirtual\/index.php?rest_route=%2Fwp%2Fv2%2Fcomments&post=2678"}],"version-history":[{"count":6,"href":"https:\/\/cpsscba.org\/confluenciasvirtual\/index.php?rest_route=\/wp\/v2\/posts\/2678\/revisions"}],"predecessor-version":[{"id":2681,"href":"https:\/\/cpsscba.org\/confluenciasvirtual\/index.php?rest_route=\/wp\/v2\/posts\/2678\/revisions\/2681"}],"wp:featuredmedia":[{"embeddable":true,"href":"https:\/\/cpsscba.org\/confluenciasvirtual\/index.php?rest_route=\/wp\/v2\/media\/2684"}],"wp:attachment":[{"href":"https:\/\/cpsscba.org\/confluenciasvirtual\/index.php?rest_route=%2Fwp%2Fv2%2Fmedia&parent=2678"}],"wp:term":[{"taxonomy":"category","embeddable":true,"href":"https:\/\/cpsscba.org\/confluenciasvirtual\/index.php?rest_route=%2Fwp%2Fv2%2Fcategories&post=2678"},{"taxonomy":"post_tag","embeddable":true,"href":"https:\/\/cpsscba.org\/confluenciasvirtual\/index.php?rest_route=%2Fwp%2Fv2%2Ftags&post=2678"}],"curies":[{"name":"wp","href":"https:\/\/api.w.org\/{rel}","templated":true}]}}