{"id":2619,"date":"2013-06-26T19:23:10","date_gmt":"2013-06-26T19:23:10","guid":{"rendered":"http:\/\/cpsscba.org\/confluenciasvirtual\/?p=2619"},"modified":"2013-06-27T19:25:27","modified_gmt":"2013-06-27T19:25:27","slug":"los-trabajadores-sociales-como-nos-llamamos","status":"publish","type":"post","link":"https:\/\/cpsscba.org\/confluenciasvirtual\/?p=2619","title":{"rendered":"Los trabajadores sociales: \u00bfComo nos llamamos?"},"content":{"rendered":"<div style=\"text-align: left;\" align=\"center\"><b><span style=\"font-size: small;\">Por: Norberto Alay\u00f3n (*)<\/span><\/b><\/div>\n<div align=\"center\"><b><span style=\"font-size: small;\">\u00a0<\/span><\/b><\/div>\n<div><span style=\"font-size: small; line-height: 18px;\">El t\u00edtulo que reciben los agentes de una determinada profesi\u00f3n no expresa todo acerca de su quehacer y significado, pero la adopci\u00f3n de una u otra denominaci\u00f3n es igualmente indicativa de ciertas orientaciones, tendencias y posicionamientos acerca de su labor, funciones y objeto. Las denominaciones no id\u00e9nticas para una misma profesi\u00f3n, como se registra en el campo del Trabajo Social, dan cuenta de un proceso hist\u00f3rico interesante de revisiones y redefiniciones que se fueron produciendo a partir del cuestionamiento de sus pr\u00e1cticas en el abordaje de la cuesti\u00f3n social.<!--more--><\/span><\/div>\n<div><span style=\"font-size: small;\">\u00a0<\/span><\/div>\n<div><span style=\"font-size: small;\">\u00bfC\u00f3mo nos denominamos quienes representamos a esta profesi\u00f3n? La profesi\u00f3n es \u00bfServicio Social o Trabajo Social?\u00a0 Sus agentes son \u00bfasistentes sociales o trabajadores sociales?\u00a0 O bien: \u00bfasistentes sociales y trabajadores sociales son lo mismo y cumplen las mismas funciones en los diferentes \u00e1mbitos institucionales?<\/span><\/div>\n<div><span style=\"font-size: small;\">\u00a0<\/span><\/div>\n<div><span style=\"font-size: small;\">Tradicionalmente, en Argentina, las carreras o escuelas de Asistencia Social formaron a los asistentes sociales. M\u00e1s tarde las escuelas o institutos de Servicio Social titularon trabajadores sociales, pero tambi\u00e9n asistentes sociales. Los centros acad\u00e9micos universitarios, p\u00fablicos y privados, formaron asistentes sociales y trabajadores sociales; y tambi\u00e9n licenciados en Servicio Social y licenciados en Trabajo Social y doctores en Servicio Social y, m\u00e1s recientemente, en Trabajo Social.<\/span><\/div>\n<div><span style=\"font-size: small;\">\u00a0<\/span><\/div>\n<div><span style=\"font-size: small;\">Los centros de formaci\u00f3n que adoptaron el nombre de Asistencia Social, graduaron -en correlato con su denominaci\u00f3n- a <b><i>asistentes<\/i><\/b> sociales, pero no a trabajadores sociales. Los centros que impulsaron el nombre de Servicio Social no graduaron a <b><i>servidores<\/i><\/b><i> <\/i>sociales, pero s\u00ed, indistintamente, a asistentes sociales y a trabajadores sociales. Los centros que asumieron la denominaci\u00f3n de Trabajo Social graduaron exclusivamente a <b><i>trabajadores<\/i><\/b> sociales. <\/span><\/div>\n<div><span style=\"font-size: small;\">\u00a0<\/span><\/div>\n<div><span style=\"font-size: small;\">Actualmente, en la gran mayor\u00eda de las universidades p\u00fablicas se ha adoptado el t\u00e9rmino <b>Trabajo Social<\/b> para denominar la carrera. No obstante, por ejemplo, hay casos como el de la Universidad Nacional del Comahue, en donde en sus dos sedes (General Roca, R\u00edo Negro y Neuqu\u00e9n) se cursa la Licenciatura en <b>Servicio Social<\/b>, dependiente de la Facultad de Derecho y Ciencias Sociales. O en la Universidad Nacional de Mar del Plata donde tambi\u00e9n se cursa una Licenciatura en <b>Servicio Social,<\/b> con la particularidad adem\u00e1s de que dicha licenciatura depende de la Facultad de Ciencias de la Salud y <b>Servicio Social<\/b>.<\/span><\/div>\n<div><span style=\"font-size: small;\">\u00a0<\/span><\/div>\n<div><span style=\"font-size: small;\">Por su parte, universidades privadas como la del Museo Social Argentino, del Salvador, John F. Kennedy, Mor\u00f3n, mantienen la denominaci\u00f3n de <b>Servicio Social<\/b>, al igual que otras carreras de car\u00e1cter terciario que dependen de obispados y ministerios provinciales.<\/span><\/div>\n<div><span style=\"font-size: small;\">\u00a0<\/span><\/div>\n<div><span style=\"font-size: small;\">En el espacio de la formaci\u00f3n profesional, adem\u00e1s de esta diversidad de denominaciones y t\u00edtulos, se registran distintas estructuras acad\u00e9micas (Carreras, Departamentos, Institutos, Facultades) y tambi\u00e9n variadas dependencias funcionales (de universidades, ministerios, obispados). Particularmente en las instituciones de car\u00e1cter p\u00fablico, la denominaci\u00f3n de Trabajo Social y trabajador social ha venido ganando preponderancia en relaci\u00f3n a la de Servicio Social y a la de asistente social.<\/span><\/div>\n<div><span style=\"font-size: small;\">\u00a0<\/span><\/div>\n<div><span style=\"font-size: small;\">Asimismo, cabe mencionar que existe una Federaci\u00f3n Argentina de Unidades Acad\u00e9micas de Trabajo Social (FAUATS), aunque no todos los centros de formaci\u00f3n integran esta Federaci\u00f3n de car\u00e1cter nacional.<\/span><\/div>\n<div><span style=\"font-size: small;\">\u00a0<\/span><\/div>\n<div><span style=\"font-size: small;\">En cuanto a las organizaciones de car\u00e1cter gremial, observamos que las denominaciones que asumen quienes integran la Federaci\u00f3n Argentina de Asociaciones Profesionales de Servicio Social (FAAPSS), la cual adopt\u00f3 para s\u00ed el t\u00e9rmino \u201c<b>Servicio Social<\/b>\u201d, expresan -a la vez- esta heterogeneidad.<\/span><\/div>\n<div><span style=\"font-size: small;\">\u00a0<\/span><\/div>\n<div><span style=\"font-size: small;\">En principio, resulta ilustrativo se\u00f1alar que de las 24 organizaciones regionales que componen la FAAPSS se reconocen como <b>Consejos<\/b>: 5 (CABA, Formosa, La Pampa , La Rioja y Santa Cruz); como <b>Asociaci\u00f3n<\/b>: una (Mendoza); y las 18 restantes como <b>Colegios<\/b>. <\/span><\/div>\n<div><span style=\"font-size: small;\">\u00a0<\/span><\/div>\n<div><span style=\"font-size: small;\">Las denominaciones puntuales que adoptan dichas organizaciones son las siguientes:<\/span><\/div>\n<div><span style=\"font-size: small;\">\u00a0<\/span><\/div>\n<div><span style=\"font-size: small;\"><b><span style=\"font-size: small;\">Servicio Social o Trabajo Social<\/span><\/b>: <span style=\"font-size: small;\">4 (CABA, Salta, Tierra del Fuego y Tucum\u00e1n).<\/span><\/span><\/div>\n<div><span style=\"font-size: small;\">\u00a0<\/span><\/div>\n<div><span style=\"font-size: small;\"><b><span style=\"font-size: small;\">Servicio Social<\/span><\/b>: <span style=\"font-size: small;\">7 (Chaco, C\u00f3rdoba, Jujuy, Misiones, Neuqu\u00e9n, San Juan y San Luis).<\/span><\/span><\/div>\n<div><span style=\"font-size: small;\">\u00a0<\/span><\/div>\n<div><span style=\"font-size: small;\"><b><span style=\"font-size: small;\">Trabajo Social<\/span><\/b>: <span style=\"font-size: small;\">4 (Chubut, Santa Cruz, Santa Fe-2\u00aa Circunscripci\u00f3n y Santiago del Estero).<\/span><\/span><\/div>\n<div><span style=\"font-size: small;\">\u00a0<\/span><\/div>\n<div><span style=\"font-size: small;\"><b><span style=\"font-size: small;\">Asistentes Sociales o Trabajadores Sociales<\/span><\/b>: <span style=\"font-size: small;\">1 (Provincia de Buenos Aires).<\/span><\/span><\/div>\n<div><span style=\"font-size: small;\">\u00a0<\/span><\/div>\n<div><span style=\"font-size: small;\"><b><span style=\"font-size: small;\">Asistentes Sociales<\/span><\/b>: <span style=\"font-size: small;\">7 (Catamarca, Entre R\u00edos, Formosa, La Pampa , La Rioja , R\u00edo Negro y Santa Fe-1\u00aa Circunscripci\u00f3n.<\/span><\/span><\/div>\n<div><span style=\"font-size: small;\">\u00a0<\/span><\/div>\n<div><span style=\"font-size: small;\"><b><span style=\"font-size: small;\">Trabajadores Sociales<\/span><\/b>: <span style=\"font-size: small;\">1 (Mendoza)<\/span><\/span><\/div>\n<div><span style=\"font-size: small;\">\u00a0<\/span><\/div>\n<div><span style=\"font-size: small;\">A esto debe agregarse el caso de la profesi\u00f3n en la provincia de Corrientes, donde en noviembre de 2012 se aprob\u00f3 una ley que crea el Colegio de Trabajadores Sociales provincial. Podr\u00eda a\u00f1adirse tambi\u00e9n, seguramente entre otros tantos casos, la existencia en la ciudad de Lincoln, provincia de Buenos Aires de la Agrupaci\u00f3n de Profesionales en Trabajo Social de Lincoln (APTSOL).<\/span><\/div>\n<div><span style=\"font-size: small;\">\u00a0<\/span><\/div>\n<div><span style=\"font-size: small;\">De vieja data (de la d\u00e9cada de los 60 del siglo pasado) es la tensi\u00f3n y disputa por la denominaci\u00f3n que deb\u00eda asumir esta profesi\u00f3n y sus profesionales. El tiempo y una mayor y mejor objetivaci\u00f3n de cierta esterilidad que generaban estas divergencias sobre aspectos tal vez secundarios, fueron acercando las posiciones y licuando las diferencias formales. <\/span><\/div>\n<div><span style=\"font-size: small;\">\u00a0<\/span><\/div>\n<div><span style=\"font-size: small;\">No obstante, en esas \u00e9pocas, detr\u00e1s de las discrepancias y desacuerdos (por sobre la banalidad de algunas argumentaciones) existi\u00f3 un fuerte conflicto y debate por la funci\u00f3n, los objetivos, los aspectos metodol\u00f3gicos, que habr\u00edan de caracterizar a la profesi\u00f3n seg\u00fan las diversas posiciones. Cabe destacar que, en la actualidad, han perdido vigencia las discusiones conceptuales por la pertinencia de unas u otras denominaciones, pero no la capacidad de autorreflexi\u00f3n y revisi\u00f3n de su pr\u00e1ctica en el interior de la profesi\u00f3n.<b><\/b><\/span><\/div>\n<div><span style=\"font-size: small;\">\u00a0<\/span><\/div>\n<div><span style=\"font-size: small;\">Como an\u00e9cdota personal, recuerdo que hacia 1966 o 1967 quise afiliarme al Colegio de Asistentes Sociales que funcionaba en la ciudad de Buenos Aires, pero no fui admitido porque mi t\u00edtulo era de trabajador social y dicha asociaci\u00f3n s\u00f3lo aceptada en su seno a los graduados con t\u00edtulo de asistente social. <\/span><\/div>\n<div><span style=\"font-size: small;\">\u00a0<\/span><\/div>\n<div><span style=\"font-size: small;\">En abril-mayo de 1966, la Editorial ECRO de Buenos Aires public\u00f3 el n\u00famero 7 de su revista \u201cHoy en el Servicio Social\u201d. El editorial de dicha revista, firmado por el colega Alberto Dufour, se titul\u00f3 \u201cAsistentes y\/o Trabajadores Sociales\u201d, y en el mismo se despliegan diversas consideraciones y argumentaciones acerca de esta controversia que manten\u00edan los profesionales de esa \u00e9poca. Dicha Revista, cuyo primer n\u00famero data de diciembre 1964\/enero 1965, mantuvo la denominaci\u00f3n de Servicio Social hasta su n\u00famero 19-20 de enero\/marzo de 1971. A partir del n\u00famero 21 (de julio de 1971) pasa a llamarse \u201cHoy en el Trabajo Social\u201d, hasta el n\u00famero 34 (el \u00faltimo), de diciembre de 1977.<\/span><\/div>\n<div><span style=\"font-size: small;\">\u00a0<\/span><\/div>\n<div><span style=\"font-size: small;\">Por su parte, la Editorial Hvmanitas tambi\u00e9n de Buenos Aires, public\u00f3 desde marzo de 1968 la revista \u201cSelecciones del Social Work\u201d, la cual pas\u00f3 a denominarse \u201cSelecciones de Servicio Social\u201d a partir de su n\u00famero 9, de marzo de 1970, manteniendo el mismo nombre hasta el n\u00famero 36 (el \u00faltimo que se public\u00f3), correspondiente al tercer cuatrimestre de 1978.<\/span><\/div>\n<div><span style=\"font-size: small;\">\u00a0<\/span><\/div>\n<div><span style=\"font-size: small;\">En el \u00e1mbito latinoamericano, en el a\u00f1o 1965 se fund\u00f3 en Lima, Per\u00fa la Asociaci\u00f3n Latinoamericana de Escuelas de Servicio Social (ALAESS), la cual en 1977 en Santiago de los Caballeros, Rep\u00fablica Dominicana adopt\u00f3 el t\u00e9rmino <b>Trabajo Social<\/b> y pas\u00f3 a denominarse Asociaci\u00f3n Latinoamericana de Escuelas de Trabajo Social (ALAETS). Finalmente, esta misma organizaci\u00f3n volvi\u00f3 a cambiar de nombre, en Santiago de Chile en el a\u00f1o 2006, transform\u00e1ndose en la actual Asociaci\u00f3n Latinoamericana de Ense\u00f1anza e Investigaci\u00f3n en Trabajo Social (ALAEITS). \u00a0\u00a0\u00a0<\/span><\/div>\n<div><span style=\"font-size: small;\">\u00a0<\/span><\/div>\n<div><span style=\"font-size: small;\">En el espacio de las instituciones, suele predominar -a\u00fan hoy- la denominaci\u00f3n de Servicio Social, por sobre la de Asistencia Social o Trabajo Social. En la invocaci\u00f3n de la mayor\u00eda de la poblaci\u00f3n, el nombre que prevalece es el de asistente social y no el de trabajador social. Inclusive todav\u00eda, en ocasiones, se hace referencia a este profesional como a \u201c la Visitadora Social \u201d. En los hospitales, en los tribunales, en las escuelas, en las municipalidades, existen -y como tal son claramente reconocidas e identificadas- la \u201coficina de Servicio Social\u201d, o el \u201c\u00e1rea de Servicio Social\u201d, o directamente \u201cel Servicio Social\u201d. Son frecuentes las expresiones que se emplean en las instituciones, referidas -por ejemplo- a que \u201ctiene que pasar primero por <b>el<\/b> Servicio Social\u201d, o vaya a \u201c<b>la<\/b> oficina de Servicio Social\u201d.<\/span><\/div>\n<div><span style=\"font-size: small;\">\u00a0<\/span><\/div>\n<div><span style=\"font-size: small;\">En las normativas institucionales, en los llamados a concursos, en los formularios administrativos, con frecuencia se menciona la categor\u00eda \u201casistente social\u201d y no \u201ctrabajador social\u201d. Los profesionales de otras disciplinas, en particular los menos j\u00f3venes, tambi\u00e9n suelen hacer referencia a <i>la asistente social<\/i>, aunque ello va tendiendo a ser modificado b\u00e1sicamente a partir de las nuevas generaciones.<\/span><\/div>\n<div><\/div>\n<div><span style=\"font-size: small;\">Recientemente una alumna (Janina Nieto), de los primeros a\u00f1os de la Carrera de Trabajo Social de la UBA , me narr\u00f3 un episodio sumamente interesante. Conversando con una m\u00e9dica de un hospital de una Obra Social Sindical de la ciudad de Buenos Aires, \u00e9sta le pregunta qu\u00e9 estudiaba, y la alumna le contesta \u201cTrabajo Social\u201d. La m\u00e9dica le responde \u201casistente social\u201d y\u00a0Janina le vuelve a contestar \u201cno, trabajadora social\u201d, \u00a0ante lo cual la m\u00e9dica la mira con grandes ojos de asombro y le dice \u00aben el hospital donde yo trabajo las trabajadoras sociales son las prostitutas, porque cuando a ellas se les pregunta de qu\u00e9 trabajan, dicen \u00absomos trabajadoras sociales\u00bb. Mi alumna entonces me comenta, con cierta perplejidad: \u201cla verdad s\u00f3lo pens\u00e9 y respond\u00ed que tendremos que buscar otro nombre; con ese estamos complicados&#8230;\u201d. <\/span><\/div>\n<div><\/div>\n<div><span style=\"font-size: small;\">La diversidad de denominaciones, \u00bfconspira contra una adecuada identificaci\u00f3n y reconocimiento de nuestra profesi\u00f3n y de nosotros mismos como profesionales? Por cierto, hay que admitir que no es com\u00fan que una misma profesi\u00f3n y sus agentes espec\u00edficos tengan dos nombres: asistente social y trabajador social; y Servicio Social y Trabajo Social.<\/span><\/div>\n<div><span style=\"font-size: small;\">\u00a0<\/span><\/div>\n<div><span style=\"font-size: small;\">Probablemente para entender mejor las caracter\u00edsticas y funciones de esta profesi\u00f3n resultar\u00e1 \u00fatil reconocer que el Trabajo Social termina siendo -en definitiva- lo que los trabajadores sociales o asistentes sociales hacemos concretamente en nuestras pr\u00e1cticas. Ser\u00e1 importante tambi\u00e9n reparar en c\u00f3mo \u201cnos ve y c\u00f3mo nos caracteriza y define\u201d la sociedad y en particular los sectores sociales con los cuales trabajamos directamente, cotejando a la vez con nuestra propia percepci\u00f3n acerca de lo que es o deber\u00eda ser la profesi\u00f3n.<\/span><\/div>\n<div><span style=\"font-size: small;\">\u00a0<\/span><\/div>\n<div><span style=\"font-size: small;\">Aspiramos a que estas breves consideraciones, de car\u00e1cter general, puedan conducirnos a revisitar los procesos de institucionalizaci\u00f3n de la profesi\u00f3n, las diversas denominaciones en el transcurso de su historia, c\u00f3mo se nos ubica y reconoce socialmente, c\u00f3mo nos posicionamos y definimos nosotros mismos, y tal vez -tambi\u00e9n- puedan contribuir a reflexionar sobre nuestra propia identidad y funci\u00f3n, en esta segunda d\u00e9cada del siglo XXI.<\/span><\/div>\n<div><span style=\"font-size: small;\">\u00a0<\/span><\/div>\n<div><\/div>\n<div><b><span style=\"font-size: small;\">Buenos Aires, junio de 2013.<\/span><\/b><\/div>\n<div><\/div>\n<div>\n<div><b>(*) Lic. en Trabajo Social. Profesor de la\u00a0<\/b><b>\u00a0 \u00a0 Carrera de Trabajo Social de la UBA.<\/b><\/div>\n<\/div>\n","protected":false},"excerpt":{"rendered":"<p>Por: Norberto Alay\u00f3n (*) \u00a0 El t\u00edtulo que reciben los agentes de una determinada profesi\u00f3n no expresa todo acerca de<\/p>\n","protected":false},"author":1,"featured_media":0,"comment_status":"open","ping_status":"open","sticky":false,"template":"","format":"standard","meta":{"footnotes":""},"categories":[13,37],"tags":[],"_links":{"self":[{"href":"https:\/\/cpsscba.org\/confluenciasvirtual\/index.php?rest_route=\/wp\/v2\/posts\/2619"}],"collection":[{"href":"https:\/\/cpsscba.org\/confluenciasvirtual\/index.php?rest_route=\/wp\/v2\/posts"}],"about":[{"href":"https:\/\/cpsscba.org\/confluenciasvirtual\/index.php?rest_route=\/wp\/v2\/types\/post"}],"author":[{"embeddable":true,"href":"https:\/\/cpsscba.org\/confluenciasvirtual\/index.php?rest_route=\/wp\/v2\/users\/1"}],"replies":[{"embeddable":true,"href":"https:\/\/cpsscba.org\/confluenciasvirtual\/index.php?rest_route=%2Fwp%2Fv2%2Fcomments&post=2619"}],"version-history":[{"count":4,"href":"https:\/\/cpsscba.org\/confluenciasvirtual\/index.php?rest_route=\/wp\/v2\/posts\/2619\/revisions"}],"predecessor-version":[{"id":2674,"href":"https:\/\/cpsscba.org\/confluenciasvirtual\/index.php?rest_route=\/wp\/v2\/posts\/2619\/revisions\/2674"}],"wp:attachment":[{"href":"https:\/\/cpsscba.org\/confluenciasvirtual\/index.php?rest_route=%2Fwp%2Fv2%2Fmedia&parent=2619"}],"wp:term":[{"taxonomy":"category","embeddable":true,"href":"https:\/\/cpsscba.org\/confluenciasvirtual\/index.php?rest_route=%2Fwp%2Fv2%2Fcategories&post=2619"},{"taxonomy":"post_tag","embeddable":true,"href":"https:\/\/cpsscba.org\/confluenciasvirtual\/index.php?rest_route=%2Fwp%2Fv2%2Ftags&post=2619"}],"curies":[{"name":"wp","href":"https:\/\/api.w.org\/{rel}","templated":true}]}}