{"id":2416,"date":"2013-05-14T19:02:11","date_gmt":"2013-05-14T19:02:11","guid":{"rendered":"http:\/\/cpsscba.org\/confluenciasvirtual\/?p=2416"},"modified":"2013-05-15T19:15:39","modified_gmt":"2013-05-15T19:15:39","slug":"acerca-de-los-malos-tratos-recibidos-por-un-nino-de-13-anos-a-cargo-del-estado","status":"publish","type":"post","link":"https:\/\/cpsscba.org\/confluenciasvirtual\/?p=2416","title":{"rendered":"Acerca de los malos tratos recibidos por un ni\u00f1o de 13 a\u00f1os a cargo del Estado"},"content":{"rendered":"<p>Las organizaciones integrantes del <b><i>Colectivo cordob\u00e9s por los derechos de ni\u00f1os ni\u00f1as y j\u00f3venes <\/i><\/b>\u00a0expresamos nuestro mas profundo repudio a la violaci\u00f3n a los derechos humanos de los ni\u00f1os ordenadas y\u00a0 adoptadas por distintos funcionarios provinciales tanto del poder judicial como del ejecutivo sobre un ni\u00f1o de 13 a\u00f1os privado ilegalmente de la libertad ya que es totalmente inimputable seg\u00fan las leyes actuales-<!--more--><\/p>\n<p>El Estado esta obligado a garantizar el respeto de los derechos de todos los ni\u00f1os , y esa obligaci\u00f3n no excluye a quienes se encuentran sometidos a proceso penal. Dif\u00edcilmente, golpeando, esposando en un hospital y abandonando a su suerte a ni\u00f1os de 13 a\u00f1os la provincia de cumplimiento al objetivo previsto en el art 82 de su ley provincial 9944 que expresa \u201c<i>El procedimiento penal juvenil tiene por objeto primordial la protecci\u00f3n y asistencia integral de las ni\u00f1as, ni\u00f1os y adolescentes en conflicto con la ley penal, garantizando lo conducente al logro de su integraci\u00f3n social\u2026.\u201d <\/i><\/p>\n<p>Requerimos que tanto el Consejo Provincial de Ni\u00f1ez como el Defensor de Ni\u00f1ez provincial se expidan respecto a los graves hechos acontecidos y exijan que se investiguen y se sancionen a los funcionarios y agentes responsables, en el marco de las leyes que esta provincia se comprometi\u00f3 a cumplir.- <i><\/i><\/p>\n<p>( SEHAS-SERVIPROH-CECOPAL-LA MINGA-SEAP-C\u00e1tedra de Criminolog\u00eda, Facultad de Derecho -PROGRAMA DEL SOL)<\/p>\n<p><a href=\"mailto:colectivocordobes@gmail.com\">colectivocordobes@gmail.com<\/a><br \/>\n<iframe loading=\"lazy\" src=\"http:\/\/www.youtube.com\/embed\/eARNxx4wZ_Q?rel=0\" height=\"197\" width=\"350\" allowfullscreen=\"\" frameborder=\"0\"><\/iframe><\/p>\n","protected":false},"excerpt":{"rendered":"<p>Las organizaciones integrantes del Colectivo cordob\u00e9s por los derechos de ni\u00f1os ni\u00f1as y j\u00f3venes \u00a0expresamos nuestro mas profundo repudio a<\/p>\n","protected":false},"author":1,"featured_media":0,"comment_status":"open","ping_status":"open","sticky":false,"template":"","format":"standard","meta":{"footnotes":""},"categories":[13,39],"tags":[],"_links":{"self":[{"href":"https:\/\/cpsscba.org\/confluenciasvirtual\/index.php?rest_route=\/wp\/v2\/posts\/2416"}],"collection":[{"href":"https:\/\/cpsscba.org\/confluenciasvirtual\/index.php?rest_route=\/wp\/v2\/posts"}],"about":[{"href":"https:\/\/cpsscba.org\/confluenciasvirtual\/index.php?rest_route=\/wp\/v2\/types\/post"}],"author":[{"embeddable":true,"href":"https:\/\/cpsscba.org\/confluenciasvirtual\/index.php?rest_route=\/wp\/v2\/users\/1"}],"replies":[{"embeddable":true,"href":"https:\/\/cpsscba.org\/confluenciasvirtual\/index.php?rest_route=%2Fwp%2Fv2%2Fcomments&post=2416"}],"version-history":[{"count":5,"href":"https:\/\/cpsscba.org\/confluenciasvirtual\/index.php?rest_route=\/wp\/v2\/posts\/2416\/revisions"}],"predecessor-version":[{"id":2421,"href":"https:\/\/cpsscba.org\/confluenciasvirtual\/index.php?rest_route=\/wp\/v2\/posts\/2416\/revisions\/2421"}],"wp:attachment":[{"href":"https:\/\/cpsscba.org\/confluenciasvirtual\/index.php?rest_route=%2Fwp%2Fv2%2Fmedia&parent=2416"}],"wp:term":[{"taxonomy":"category","embeddable":true,"href":"https:\/\/cpsscba.org\/confluenciasvirtual\/index.php?rest_route=%2Fwp%2Fv2%2Fcategories&post=2416"},{"taxonomy":"post_tag","embeddable":true,"href":"https:\/\/cpsscba.org\/confluenciasvirtual\/index.php?rest_route=%2Fwp%2Fv2%2Ftags&post=2416"}],"curies":[{"name":"wp","href":"https:\/\/api.w.org\/{rel}","templated":true}]}}