{"id":2397,"date":"2013-05-11T19:50:34","date_gmt":"2013-05-11T19:50:34","guid":{"rendered":"http:\/\/cpsscba.org\/confluenciasvirtual\/?p=2397"},"modified":"2013-05-13T19:52:51","modified_gmt":"2013-05-13T19:52:51","slug":"nuevas-autoridades-de-faapss","status":"publish","type":"post","link":"https:\/\/cpsscba.org\/confluenciasvirtual\/?p=2397","title":{"rendered":"Nuevas autoridades de FAAPSS"},"content":{"rendered":"<div id=\"id_519141b0ee71d0c95342642\"><a href=\"http:\/\/cpsscba.org\/confluenciasvirtual\/wp-content\/uploads\/2013\/05\/308563_568130076560724_1114734929_n.jpg\"><img decoding=\"async\" class=\"alignright  wp-image-2398\" alt=\"308563_568130076560724_1114734929_n\" src=\"http:\/\/cpsscba.org\/confluenciasvirtual\/wp-content\/uploads\/2013\/05\/308563_568130076560724_1114734929_n.jpg\" width=\"500\" srcset=\"https:\/\/cpsscba.org\/confluenciasvirtual\/wp-content\/uploads\/2013\/05\/308563_568130076560724_1114734929_n.jpg 640w, https:\/\/cpsscba.org\/confluenciasvirtual\/wp-content\/uploads\/2013\/05\/308563_568130076560724_1114734929_n-300x225.jpg 300w\" sizes=\"(max-width: 640px) 100vw, 640px\" \/><\/a>En el medio d\u00eda de hoy s\u00e1bado 11 de mayo, la FEDERACI\u00d3N ARGENTINA DE ASOCIACIONES PROFESIONALES DE SERVICIO SOCIAL (FAAPSS) renov\u00f3 sus autoridades, para el per\u00edodo 2013-2016.<br \/>\nCon el voto de 16 de las 17 representaciones profesionales, la nueva conducci\u00f3n qued\u00f3 conformada de la siguiente manera:<!--more-->PRESIDENTA:<br \/>\n\u2022 Representante de Colegio de Profesionales de Servicio Social de Misiones, Licenciada Silvana Noem\u00ed Mart\u00ednez.<\/p>\n<p>VICE-PRESIDENTA:<br \/>\n\u2022 Representante de Consejo de Graduados en Servicio Social y Trabajo Social de Ciudad Aut\u00f3noma de Buenos Aires, Licenciada Silvia del Mazo.<\/p>\n<p>SECRETARIA:<br \/>\n\u2022 Representante de Colegio de Profesionales de Asistentes Sociales de Entre R\u00edos, Licenciada Valeria Irina Moreyra.<\/p>\n<p>TESORERA:<br \/>\n\u2022 Representante del Colegio de Profesionales en Servicio Social de la Provincia de C\u00f3rdoba, Licenciado Omar Arag\u00f3n.<\/p>\n<p>VOCALES:<br \/>\n\u2022 Representante de Consejo Profesional de Asistentes Sociales de La Pampa, Licenciada Gloria Luoni Pierri.<\/p>\n<p>\u2022 Representante del Consejo profesional de Graduados de Santa Cruz, Licenciada Viviana Carballo.<\/p><\/div>\n","protected":false},"excerpt":{"rendered":"<p>En el medio d\u00eda de hoy s\u00e1bado 11 de mayo, la FEDERACI\u00d3N ARGENTINA DE ASOCIACIONES PROFESIONALES DE SERVICIO SOCIAL (FAAPSS)<\/p>\n","protected":false},"author":1,"featured_media":2398,"comment_status":"open","ping_status":"open","sticky":false,"template":"","format":"standard","meta":{"footnotes":""},"categories":[12],"tags":[],"_links":{"self":[{"href":"https:\/\/cpsscba.org\/confluenciasvirtual\/index.php?rest_route=\/wp\/v2\/posts\/2397"}],"collection":[{"href":"https:\/\/cpsscba.org\/confluenciasvirtual\/index.php?rest_route=\/wp\/v2\/posts"}],"about":[{"href":"https:\/\/cpsscba.org\/confluenciasvirtual\/index.php?rest_route=\/wp\/v2\/types\/post"}],"author":[{"embeddable":true,"href":"https:\/\/cpsscba.org\/confluenciasvirtual\/index.php?rest_route=\/wp\/v2\/users\/1"}],"replies":[{"embeddable":true,"href":"https:\/\/cpsscba.org\/confluenciasvirtual\/index.php?rest_route=%2Fwp%2Fv2%2Fcomments&post=2397"}],"version-history":[{"count":1,"href":"https:\/\/cpsscba.org\/confluenciasvirtual\/index.php?rest_route=\/wp\/v2\/posts\/2397\/revisions"}],"predecessor-version":[{"id":2399,"href":"https:\/\/cpsscba.org\/confluenciasvirtual\/index.php?rest_route=\/wp\/v2\/posts\/2397\/revisions\/2399"}],"wp:featuredmedia":[{"embeddable":true,"href":"https:\/\/cpsscba.org\/confluenciasvirtual\/index.php?rest_route=\/wp\/v2\/media\/2398"}],"wp:attachment":[{"href":"https:\/\/cpsscba.org\/confluenciasvirtual\/index.php?rest_route=%2Fwp%2Fv2%2Fmedia&parent=2397"}],"wp:term":[{"taxonomy":"category","embeddable":true,"href":"https:\/\/cpsscba.org\/confluenciasvirtual\/index.php?rest_route=%2Fwp%2Fv2%2Fcategories&post=2397"},{"taxonomy":"post_tag","embeddable":true,"href":"https:\/\/cpsscba.org\/confluenciasvirtual\/index.php?rest_route=%2Fwp%2Fv2%2Ftags&post=2397"}],"curies":[{"name":"wp","href":"https:\/\/api.w.org\/{rel}","templated":true}]}}