{"id":2372,"date":"2013-05-06T21:46:33","date_gmt":"2013-05-06T21:46:33","guid":{"rendered":"http:\/\/cpsscba.org\/confluenciasvirtual\/?p=2372"},"modified":"2013-05-08T21:51:32","modified_gmt":"2013-05-08T21:51:32","slug":"2372","status":"publish","type":"post","link":"https:\/\/cpsscba.org\/confluenciasvirtual\/?p=2372","title":{"rendered":"Miradas actuales sobre la migraci\u00f3n"},"content":{"rendered":"<p>&nbsp;<\/p>\n<p>&nbsp;<\/p>\n<p><a href=\"http:\/\/cpsscba.org\/confluenciasvirtual\/wp-content\/uploads\/2013\/05\/recortes-jornada.jpg\">Para seguir pensando la migraci\u00f3n y el derecho a circular, invitamos al panel de reflexi\u00f3n y discusi\u00f3n en torno a la tem\u00e1tica. Por el reconocimiento y ejercicio de los migrantes como sujetos de derechos y ciudadanos activos en la sociedad.<img loading=\"lazy\" decoding=\"async\" class=\"aligncenter size-full wp-image-2373\" alt=\"recortes-jornada\" src=\"http:\/\/cpsscba.org\/confluenciasvirtual\/wp-content\/uploads\/2013\/05\/recortes-jornada.jpg\" width=\"500\" height=\"126\" srcset=\"https:\/\/cpsscba.org\/confluenciasvirtual\/wp-content\/uploads\/2013\/05\/recortes-jornada.jpg 500w, https:\/\/cpsscba.org\/confluenciasvirtual\/wp-content\/uploads\/2013\/05\/recortes-jornada-300x75.jpg 300w\" sizes=\"(max-width: 500px) 100vw, 500px\" \/><\/a><\/p>\n<p><!--more--><\/p>\n<p style=\"text-align: center;\"><a href=\"http:\/\/cpsscba.org\/confluenciasvirtual\/wp-content\/uploads\/2013\/05\/Afiche-jornadamigracion.png\"><img loading=\"lazy\" decoding=\"async\" class=\"aligncenter  wp-image-2374\" alt=\"Afiche-jornadamigracion\" src=\"http:\/\/cpsscba.org\/confluenciasvirtual\/wp-content\/uploads\/2013\/05\/Afiche-jornadamigracion.png\" width=\"674\" height=\"953\" srcset=\"https:\/\/cpsscba.org\/confluenciasvirtual\/wp-content\/uploads\/2013\/05\/Afiche-jornadamigracion.png 842w, https:\/\/cpsscba.org\/confluenciasvirtual\/wp-content\/uploads\/2013\/05\/Afiche-jornadamigracion-212x300.png 212w\" sizes=\"(max-width: 674px) 100vw, 674px\" \/><\/a><\/p>\n","protected":false},"excerpt":{"rendered":"<p>&nbsp; &nbsp; Para seguir pensando la migraci\u00f3n y el derecho a circular, invitamos al panel de reflexi\u00f3n y discusi\u00f3n en<\/p>\n","protected":false},"author":1,"featured_media":0,"comment_status":"open","ping_status":"open","sticky":false,"template":"","format":"standard","meta":{"footnotes":""},"categories":[13],"tags":[],"_links":{"self":[{"href":"https:\/\/cpsscba.org\/confluenciasvirtual\/index.php?rest_route=\/wp\/v2\/posts\/2372"}],"collection":[{"href":"https:\/\/cpsscba.org\/confluenciasvirtual\/index.php?rest_route=\/wp\/v2\/posts"}],"about":[{"href":"https:\/\/cpsscba.org\/confluenciasvirtual\/index.php?rest_route=\/wp\/v2\/types\/post"}],"author":[{"embeddable":true,"href":"https:\/\/cpsscba.org\/confluenciasvirtual\/index.php?rest_route=\/wp\/v2\/users\/1"}],"replies":[{"embeddable":true,"href":"https:\/\/cpsscba.org\/confluenciasvirtual\/index.php?rest_route=%2Fwp%2Fv2%2Fcomments&post=2372"}],"version-history":[{"count":4,"href":"https:\/\/cpsscba.org\/confluenciasvirtual\/index.php?rest_route=\/wp\/v2\/posts\/2372\/revisions"}],"predecessor-version":[{"id":2377,"href":"https:\/\/cpsscba.org\/confluenciasvirtual\/index.php?rest_route=\/wp\/v2\/posts\/2372\/revisions\/2377"}],"wp:attachment":[{"href":"https:\/\/cpsscba.org\/confluenciasvirtual\/index.php?rest_route=%2Fwp%2Fv2%2Fmedia&parent=2372"}],"wp:term":[{"taxonomy":"category","embeddable":true,"href":"https:\/\/cpsscba.org\/confluenciasvirtual\/index.php?rest_route=%2Fwp%2Fv2%2Fcategories&post=2372"},{"taxonomy":"post_tag","embeddable":true,"href":"https:\/\/cpsscba.org\/confluenciasvirtual\/index.php?rest_route=%2Fwp%2Fv2%2Ftags&post=2372"}],"curies":[{"name":"wp","href":"https:\/\/api.w.org\/{rel}","templated":true}]}}