{"id":1916,"date":"2012-12-03T20:42:37","date_gmt":"2012-12-03T20:42:37","guid":{"rendered":"http:\/\/cpsscba.org\/confluenciasvirtual\/?p=1916"},"modified":"2012-12-07T14:11:47","modified_gmt":"2012-12-07T14:11:47","slug":"celebracion","status":"publish","type":"post","link":"https:\/\/cpsscba.org\/confluenciasvirtual\/?p=1916","title":{"rendered":"Celebraci\u00f3n"},"content":{"rendered":"<p>En distintos puntos de nuestra provincia, trabajadoras\/es sociales estar\u00e1n de festejo por su d\u00eda<\/p>\n<p>Aqu\u00ed presentamos las distintas convocatorias para asistir y compartir junto a colegas la alegr\u00eda, fuerza, compromiso y dedicaci\u00f3n al trabajo social.<!--more--><\/p>\n<p><img loading=\"lazy\" decoding=\"async\" class=\"aligncenter\" src=\"http:\/\/sphotos-h.ak.fbcdn.net\/hphotos-ak-ash3\/63160_171770529633878_1049449768_n.jpg\" alt=\"\" width=\"611\" height=\"436\" \/><\/p>\n<p><img loading=\"lazy\" decoding=\"async\" class=\"aligncenter\" src=\"http:\/\/sphotos-d.ak.fbcdn.net\/hphotos-ak-prn1\/21777_477116929005735_642674640_n.jpg\" alt=\"\" width=\"611\" height=\"433\" \/><\/p>\n<p><img loading=\"lazy\" decoding=\"async\" class=\"aligncenter\" src=\"http:\/\/sphotos-b.ak.fbcdn.net\/hphotos-ak-ash3\/149174_221953474605276_719621811_n.jpg\" alt=\"\" width=\"615\" height=\"441\" \/><\/p>\n<p style=\"text-align: left;\"><strong>Proyecci\u00f3n especial por el D\u00eda Internacional de los Derechos Humanos y del Trabajador Social<\/strong><\/p>\n<p>CIN\u00c9TICO\u2026ciclo de cine en movimiento:<\/p>\n<p>Proyecci\u00f3n Especial, con el Colegio de Profesionales en Servicio Social de la Provincia de C\u00f3rdoba, con sede en Santa Rosa, por el D\u00eda Internacional de los Derechos Humanos. A partir de este a\u00f1o tambi\u00e9n se celebra el D\u00eda del Trabajador Social el 10 de Diciembre.<br \/>\nEsperamos contar con su presencia.<\/p>\n<p>Los Derechos Humanos se sostienen sobre dos pilares esenciales de la humanidad: la libertad y la plena igualdad entre todos los seres humanos. Condiciones inherentes a todo ser humano sin ning\u00fan tipo de limitaciones, sean \u00e9stas: culturales, econ\u00f3micas, \u00e9tnicas, sexuales, etc. El concepto de Derechos Humanos hace referencia al sentido de la dignidad humana antes que a cualquier formulaci\u00f3n jur\u00eddica o pol\u00edtica.<\/p>\n<p>La Sub Sede Calamuchita del Colegio de Profesionales en Servicio Social adhiere a la propuesta de debatir sobre esto.<\/p>\n<p style=\"text-align: left;\"><a href=\"http:\/\/cpsscba.org\/confluenciasvirtual\/wp-content\/uploads\/2012\/12\/cin\u00e9tico-diciembre.jpg\"><img loading=\"lazy\" decoding=\"async\" class=\"aligncenter size-large wp-image-1956\" title=\"cin\u00e9tico diciembre\" src=\"http:\/\/cpsscba.org\/confluenciasvirtual\/wp-content\/uploads\/2012\/12\/cin\u00e9tico-diciembre-724x1024.jpg\" alt=\"\" width=\"620\" height=\"876\" srcset=\"https:\/\/cpsscba.org\/confluenciasvirtual\/wp-content\/uploads\/2012\/12\/cin\u00e9tico-diciembre-724x1024.jpg 724w, https:\/\/cpsscba.org\/confluenciasvirtual\/wp-content\/uploads\/2012\/12\/cin\u00e9tico-diciembre-212x300.jpg 212w, https:\/\/cpsscba.org\/confluenciasvirtual\/wp-content\/uploads\/2012\/12\/cin\u00e9tico-diciembre.jpg 842w\" sizes=\"(max-width: 620px) 100vw, 620px\" \/><\/a><\/p>\n<p style=\"text-align: left;\">\n","protected":false},"excerpt":{"rendered":"<p>En distintos puntos de nuestra provincia, trabajadoras\/es sociales estar\u00e1n de festejo por su d\u00eda Aqu\u00ed presentamos las distintas convocatorias para<\/p>\n","protected":false},"author":1,"featured_media":1942,"comment_status":"open","ping_status":"open","sticky":false,"template":"","format":"standard","meta":{"footnotes":""},"categories":[14,20,21,22,40,23,36],"tags":[],"_links":{"self":[{"href":"https:\/\/cpsscba.org\/confluenciasvirtual\/index.php?rest_route=\/wp\/v2\/posts\/1916"}],"collection":[{"href":"https:\/\/cpsscba.org\/confluenciasvirtual\/index.php?rest_route=\/wp\/v2\/posts"}],"about":[{"href":"https:\/\/cpsscba.org\/confluenciasvirtual\/index.php?rest_route=\/wp\/v2\/types\/post"}],"author":[{"embeddable":true,"href":"https:\/\/cpsscba.org\/confluenciasvirtual\/index.php?rest_route=\/wp\/v2\/users\/1"}],"replies":[{"embeddable":true,"href":"https:\/\/cpsscba.org\/confluenciasvirtual\/index.php?rest_route=%2Fwp%2Fv2%2Fcomments&post=1916"}],"version-history":[{"count":8,"href":"https:\/\/cpsscba.org\/confluenciasvirtual\/index.php?rest_route=\/wp\/v2\/posts\/1916\/revisions"}],"predecessor-version":[{"id":1918,"href":"https:\/\/cpsscba.org\/confluenciasvirtual\/index.php?rest_route=\/wp\/v2\/posts\/1916\/revisions\/1918"}],"wp:featuredmedia":[{"embeddable":true,"href":"https:\/\/cpsscba.org\/confluenciasvirtual\/index.php?rest_route=\/wp\/v2\/media\/1942"}],"wp:attachment":[{"href":"https:\/\/cpsscba.org\/confluenciasvirtual\/index.php?rest_route=%2Fwp%2Fv2%2Fmedia&parent=1916"}],"wp:term":[{"taxonomy":"category","embeddable":true,"href":"https:\/\/cpsscba.org\/confluenciasvirtual\/index.php?rest_route=%2Fwp%2Fv2%2Fcategories&post=1916"},{"taxonomy":"post_tag","embeddable":true,"href":"https:\/\/cpsscba.org\/confluenciasvirtual\/index.php?rest_route=%2Fwp%2Fv2%2Ftags&post=1916"}],"curies":[{"name":"wp","href":"https:\/\/api.w.org\/{rel}","templated":true}]}}