{"id":1372,"date":"2012-08-28T20:41:07","date_gmt":"2012-08-28T20:41:07","guid":{"rendered":"http:\/\/cpsscba.org\/confluenciasvirtual\/?p=1372"},"modified":"2012-08-29T20:44:52","modified_gmt":"2012-08-29T20:44:52","slug":"clinica-transdisciplinaria-de-la-intervencion-social-a-cargo-del-dr-saul-karsz","status":"publish","type":"post","link":"https:\/\/cpsscba.org\/confluenciasvirtual\/?p=1372","title":{"rendered":"\u201cCl\u00ednica Transdisciplinaria de la Intervenci\u00f3n Social\u201d A cargo del Dr. Saul Karsz"},"content":{"rendered":"<p><img loading=\"lazy\" decoding=\"async\" class=\"alignright\" style=\"margin: 2px 3px; border: 0px none;\" src=\"http:\/\/www.tau.org.ar\/html\/upload\/209e4fc90c5aaa752ccc74bb382a30c6\/20071126_1038088_1_thumb.jpg\" alt=\"\" width=\"160\" height=\"120\" align=\"left\" border=\"0\" hspace=\"3\" vspace=\"2\" \/><\/p>\n<div><strong>Pensar las intervenciones del Trabajo Social en el marco de la propuesta de Saul Karsz.<\/strong><\/div>\n<div><\/div>\n<div>Desde el <strong>Colegio de Profesionales de Trabajo Social de la 2da. Circunscripci\u00f3n Santa Fe<\/strong> consideramos prioritario espacios donde pensar &#8211; nos como trabajadores sociales y pensar nuestras pr\u00e1cticas en los contextos actuales de intervenci\u00f3n.<\/div>\n<div>Institucionalidades de lo p\u00fablico y subjetividades devenidas del neoliberalismo, que complejizan la lectura de la realidad y la intervenci\u00f3n profesional.<\/div>\n<div>Las categor\u00edas con las que nombramos \u201clo social\u201d, dan direccionalidad a nuestras intervenciones, y requieren de espacios de pensamiento, de mediaciones que las pongan en juego.<br \/>\nLa pr\u00e1ctica profesional del Trabajo Social en contextos actuales en nuestra ciudad implica la posibilidad de pensamiento acerca de aquella.<!--more--><\/div>\n<div><\/div>\n<div><\/div>\n<div><strong> Costos e Inscripci\u00f3n:<\/strong><br \/>\nLa inscripci\u00f3n es en el <a href=\"http:\/\/www.tssantafesur.org.ar\/contenido.shtml?x=112218\">Colegio de Profesionales de Trabajo Social <\/a>2da. Circunscripci\u00f3n Provincia de Santa Fe.<br \/>\nItalia 1631 PB B<\/div>\n<div>Lunes, Martes y Mi\u00e9rcoles de 16 a 20hs.<br \/>\nJueves de 9 a 13hs.<strong>El costo de la misma es:<\/strong><br \/>\n$150 para quienes presenten trabajo<br \/>\n(graduados en trabajo social)<br \/>\n$100.- para oyentes graduados de trabajo social<br \/>\n$50.- para oyentes estudiantes de trabajo socialLunes 3 de Septiembre y Martes 4 Septiembre<br \/>\ndesde las 14:30hs. hasta 20:30hs.<br \/>\nAuditorio Hector Quaglario &#8211; ATE- San Lorenzo 1879 &#8211; Rosario.<strong>Consultas:<\/strong> debateyformacioncts@gmail.com o al tel\u00e9fono 156199964<\/p>\n<p><strong>ORGANIZAN:<\/strong><br \/>\nColegio de Profesionales de Trabajo Social de la 2da. Circunscripci\u00f3n Santa Fe<br \/>\nEscuela de Trabajo Social y el Doctorado en Trabajo Social de Facultad de Ciencia Pol\u00edtica y RRII de la UNR .<\/p>\n<\/div>\n<p><strong>MODALIDAD de Trabajo:<\/strong><\/p>\n<ul>\n<li>Para realizar la actividad los\/as interesados\/as deber\u00e1n presentar una situaci\u00f3n.<\/li>\n<li>Condiciones de dicha presentaci\u00f3n:<\/li>\n<li>Cada autor trata del caso-situaci\u00f3n que le interesa: situaci\u00f3n-usuario, situaci\u00f3n-equipo, situaci\u00f3n-instituci\u00f3n; Esta debe ser una descripci\u00f3n emp\u00edrica y por otro lado preguntas y an\u00e1lisis que dicha descripci\u00f3n genere en el autor.<\/li>\n<li>Una carilla y media estar\u00eda bien, como m\u00e1ximo dos, en total.<\/li>\n<li>Deber\u00e1n enviarlas al correo debateyformacioncts@gmail.com<\/li>\n<li>Se recibir\u00e1n situaciones hasta el 24 de Agosto y se extiende el pago de la inscripci\u00f3n hasta el mi\u00e9rcoles 29 de Agosto.<\/li>\n<\/ul>\n","protected":false},"excerpt":{"rendered":"<p>Pensar las intervenciones del Trabajo Social en el marco de la propuesta de Saul Karsz. Desde el Colegio de Profesionales<\/p>\n","protected":false},"author":1,"featured_media":0,"comment_status":"open","ping_status":"open","sticky":false,"template":"","format":"standard","meta":{"footnotes":""},"categories":[13],"tags":[],"_links":{"self":[{"href":"https:\/\/cpsscba.org\/confluenciasvirtual\/index.php?rest_route=\/wp\/v2\/posts\/1372"}],"collection":[{"href":"https:\/\/cpsscba.org\/confluenciasvirtual\/index.php?rest_route=\/wp\/v2\/posts"}],"about":[{"href":"https:\/\/cpsscba.org\/confluenciasvirtual\/index.php?rest_route=\/wp\/v2\/types\/post"}],"author":[{"embeddable":true,"href":"https:\/\/cpsscba.org\/confluenciasvirtual\/index.php?rest_route=\/wp\/v2\/users\/1"}],"replies":[{"embeddable":true,"href":"https:\/\/cpsscba.org\/confluenciasvirtual\/index.php?rest_route=%2Fwp%2Fv2%2Fcomments&post=1372"}],"version-history":[{"count":5,"href":"https:\/\/cpsscba.org\/confluenciasvirtual\/index.php?rest_route=\/wp\/v2\/posts\/1372\/revisions"}],"predecessor-version":[{"id":1377,"href":"https:\/\/cpsscba.org\/confluenciasvirtual\/index.php?rest_route=\/wp\/v2\/posts\/1372\/revisions\/1377"}],"wp:attachment":[{"href":"https:\/\/cpsscba.org\/confluenciasvirtual\/index.php?rest_route=%2Fwp%2Fv2%2Fmedia&parent=1372"}],"wp:term":[{"taxonomy":"category","embeddable":true,"href":"https:\/\/cpsscba.org\/confluenciasvirtual\/index.php?rest_route=%2Fwp%2Fv2%2Fcategories&post=1372"},{"taxonomy":"post_tag","embeddable":true,"href":"https:\/\/cpsscba.org\/confluenciasvirtual\/index.php?rest_route=%2Fwp%2Fv2%2Ftags&post=1372"}],"curies":[{"name":"wp","href":"https:\/\/api.w.org\/{rel}","templated":true}]}}