{"id":11690,"date":"2026-02-23T20:15:43","date_gmt":"2026-02-23T23:15:43","guid":{"rendered":"https:\/\/cpsscba.org\/confluenciasvirtual\/?p=11690"},"modified":"2026-02-23T20:40:16","modified_gmt":"2026-02-23T23:40:16","slug":"abren-las-preinscripciones-para-la-formacion-en-oficio-judicial-foj-2026-lo-que-hay-que-saber","status":"publish","type":"post","link":"https:\/\/cpsscba.org\/confluenciasvirtual\/?p=11690","title":{"rendered":"Abren las preinscripciones para la Formaci\u00f3n de Orientadores Judiciales (FOJ) 2026: lo que hay que saber"},"content":{"rendered":"\n<p>El programa, destinado a profesionales del Trabajo Social, ofrece 30 becas, formaci\u00f3n intensiva en Unidades Judiciales y cobertura social. El llamado oficial se estima para finales de febrero.<\/p>\n\n\n\n<!--more-->\n\n\n\n<p>El Ministerio P\u00fablico Fiscal, en articulaci\u00f3n con el Ministerio de Salud y la Facultad de Ciencias Sociales de la UNC, se prepara para dar inicio al proceso de selecci\u00f3n de la\u00a0<strong>Formaci\u00f3n de Orientadores Judiciales (FOJ) cohorte 2026<\/strong>. Esta especializaci\u00f3n, consolidada como una instancia clave para el ejercicio profesional en el \u00e1mbito jur\u00eddico, est\u00e1 dirigida exclusivamente a\u00a0<strong>licenciadxs y profesionales en Trabajo Social<\/strong>.<\/p>\n\n\n\n<p><strong>Detalles del programa y beneficios<\/strong><\/p>\n\n\n\n<p>La formaci\u00f3n tendr\u00e1 una\u00a0<strong>duraci\u00f3n de dos a\u00f1os<\/strong>\u00a0bajo una modalidad intensiva. Quienes resulten seleccionadxs realizar\u00e1n sus pr\u00e1cticas en diversas\u00a0<strong>Unidades Judiciales<\/strong>\u00a0dependientes del Ministerio P\u00fablico Fiscal, con una distribuci\u00f3n territorial que abarca tanto barrios de\u00a0<strong>C\u00f3rdoba Capital<\/strong>\u00a0como localidades del interior, entre ellas\u00a0<strong>Villa Allende, Carlos Paz, R\u00edo Cuarto, San Francisco y Villa Mar\u00eda<\/strong>.<\/p>\n\n\n\n<p>Uno de los puntos m\u00e1s destacados de la convocatoria es la oferta de\u00a0<strong>30 becas disponibles<\/strong>. Lxs residentes percibir\u00e1n una asignaci\u00f3n est\u00edmulo mensual y contar\u00e1n con la cobertura de la obra social\u00a0<strong>APROSS<\/strong>\u00a0y seguro de\u00a0<strong>ART<\/strong>\u00a0durante todo el trayecto formativo.<\/p>\n\n\n\n<p><strong>Cronograma y proceso de ingreso<\/strong><\/p>\n\n\n\n<p>Si bien el calendario definitivo se confirmar\u00e1 con el llamado oficial previsto para&nbsp;<strong>fines de febrero o principios de marzo<\/strong>, el equipo de coordinaci\u00f3n ya ha difundido un esquema tentativo para que los aspirantes puedan organizar su documentaci\u00f3n.<\/p>\n\n\n\n<p>El proceso se centraliza a trav\u00e9s de la\u00a0<a href=\"https:\/\/ministeriodesalud.cba.gov.ar\/equipo-de-salud\/capacitacion-y-formacion\/\" target=\"_blank\" rel=\"noreferrer noopener\"><strong>Direcci\u00f3n de Capacitaci\u00f3n del Ministerio de Salud<\/strong>,<\/a> en la secci\u00f3n correspondiente al\u00a0<strong>Examen \u00danico<\/strong>. All\u00ed se publicar\u00e1n los reglamentos, condiciones de permanencia y requisitos formales de inscripci\u00f3n.<\/p>\n\n\n\n<p><strong>Material de estudio y apoyo a los aspirantes<\/strong><\/p>\n\n\n\n<p>Con el objetivo de facilitar la preparaci\u00f3n para el examen de ingreso, ya se encuentra disponible de manera digital la\u00a0<strong><a href=\"https:\/\/drive.google.com\/drive\/folders\/15SF2VmxWfpG6CC-OqqUUhCrPf8UaEIcv?usp=drive_link\" target=\"_blank\" rel=\"noreferrer noopener\">bibliograf\u00eda obligatoria<\/a><\/strong>. Los interesados pueden acceder a las carpetas de estudio de forma anticipada para iniciar el repaso de los ejes tem\u00e1ticos que ser\u00e1n evaluados.<\/p>\n\n\n\n<p>Adem\u00e1s, se anunci\u00f3 la realizaci\u00f3n de una\u00a0<strong>reuni\u00f3n informativa h\u00edbrida<\/strong>\u00a0(presencial y virtual) para la primera semana de marzo. Este encuentro es organizado en conjunto por el Equipo de Coordinaci\u00f3n FOJ, la Direcci\u00f3n de Graduades de la Facultad de Ciencias Sociales (UNC) y el Colegio de Profesionales en Trabajo Social de la Provincia de C\u00f3rdoba.<\/p>\n\n\n\n<p><strong>Contacto y Difusi\u00f3n:<\/strong>\u00a0El equipo de coordinaci\u00f3n, integrado por la Lic. Mar\u00eda Agustina Nasif, la Lic. Mar\u00eda Emilia Esper y el Ab. H\u00e9ctor Mart\u00edn Fern\u00e1ndez, ha habilitado canales de difusi\u00f3n para resolver dudas sobre la inscripci\u00f3n y el examen. Los interesados pueden solicitar su inclusi\u00f3n en los<a href=\"https:\/\/docs.google.com\/forms\/d\/e\/1FAIpQLSexj5pKWjbq0eD3aMuSikWs2lks1lMpTGawB5PDlGbbCPyVqQ\/viewform\" target=\"_blank\" rel=\"noreferrer noopener\"> listados de novedades para recibir alertas <\/a>sobre las fechas definitivas.<\/p>\n\n\n\n<p><\/p>\n\n\n\n<div data-wp-interactive=\"\" class=\"wp-block-file\"><object data-wp-bind--hidden=\"!selectors.core.file.hasPdfPreview\" hidden class=\"wp-block-file__embed\" data=\"https:\/\/cpsscba.org\/confluenciasvirtual\/wp-content\/uploads\/2026\/02\/CRONOGRAMA-TENTATIVO-DEL-EXAMEN-UNICO-PROVINCIA-DE-CORDOBA-ANO-2026.pdf\" type=\"application\/pdf\" style=\"width:100%;height:600px\" aria-label=\"Incrustado de CRONOGRAMA-TENTATIVO-DEL-EXAMEN-UNICO-PROVINCIA-DE-CORDOBA-ANO-2026.\"><\/object><a id=\"wp-block-file--media-a3a00c26-e0ed-473a-9751-d79b17065395\" href=\"https:\/\/cpsscba.org\/confluenciasvirtual\/wp-content\/uploads\/2026\/02\/CRONOGRAMA-TENTATIVO-DEL-EXAMEN-UNICO-PROVINCIA-DE-CORDOBA-ANO-2026.pdf\">CRONOGRAMA-TENTATIVO-DEL-EXAMEN-UNICO-PROVINCIA-DE-CORDOBA-ANO-2026<\/a><a href=\"https:\/\/cpsscba.org\/confluenciasvirtual\/wp-content\/uploads\/2026\/02\/CRONOGRAMA-TENTATIVO-DEL-EXAMEN-UNICO-PROVINCIA-DE-CORDOBA-ANO-2026.pdf\" class=\"wp-block-file__button wp-element-button\" download aria-describedby=\"wp-block-file--media-a3a00c26-e0ed-473a-9751-d79b17065395\">Descarga<\/a><\/div>\n\n\n\n<div data-wp-interactive=\"\" class=\"wp-block-file\"><object data-wp-bind--hidden=\"!selectors.core.file.hasPdfPreview\" hidden class=\"wp-block-file__embed\" data=\"https:\/\/cpsscba.org\/confluenciasvirtual\/wp-content\/uploads\/2026\/02\/Info.-sobre-la-FOJ-A4-1.pdf\" type=\"application\/pdf\" style=\"width:100%;height:600px\" aria-label=\"Incrustado de Info.-sobre-la-FOJ-A4-1.\"><\/object><a id=\"wp-block-file--media-48ccd90d-6be6-41f8-88c7-5584d59660c2\" href=\"https:\/\/cpsscba.org\/confluenciasvirtual\/wp-content\/uploads\/2026\/02\/Info.-sobre-la-FOJ-A4-1.pdf\">Info.-sobre-la-FOJ-A4-1<\/a><a href=\"https:\/\/cpsscba.org\/confluenciasvirtual\/wp-content\/uploads\/2026\/02\/Info.-sobre-la-FOJ-A4-1.pdf\" class=\"wp-block-file__button wp-element-button\" download aria-describedby=\"wp-block-file--media-48ccd90d-6be6-41f8-88c7-5584d59660c2\">Descarga<\/a><\/div>\n","protected":false},"excerpt":{"rendered":"<p>El programa, destinado a profesionales del Trabajo Social, ofrece 30 becas, formaci\u00f3n intensiva en Unidades Judiciales y cobertura social. El<\/p>\n","protected":false},"author":1,"featured_media":11701,"comment_status":"open","ping_status":"open","sticky":false,"template":"","format":"standard","meta":{"footnotes":""},"categories":[13,14],"tags":[],"_links":{"self":[{"href":"https:\/\/cpsscba.org\/confluenciasvirtual\/index.php?rest_route=\/wp\/v2\/posts\/11690"}],"collection":[{"href":"https:\/\/cpsscba.org\/confluenciasvirtual\/index.php?rest_route=\/wp\/v2\/posts"}],"about":[{"href":"https:\/\/cpsscba.org\/confluenciasvirtual\/index.php?rest_route=\/wp\/v2\/types\/post"}],"author":[{"embeddable":true,"href":"https:\/\/cpsscba.org\/confluenciasvirtual\/index.php?rest_route=\/wp\/v2\/users\/1"}],"replies":[{"embeddable":true,"href":"https:\/\/cpsscba.org\/confluenciasvirtual\/index.php?rest_route=%2Fwp%2Fv2%2Fcomments&post=11690"}],"version-history":[{"count":3,"href":"https:\/\/cpsscba.org\/confluenciasvirtual\/index.php?rest_route=\/wp\/v2\/posts\/11690\/revisions"}],"predecessor-version":[{"id":11698,"href":"https:\/\/cpsscba.org\/confluenciasvirtual\/index.php?rest_route=\/wp\/v2\/posts\/11690\/revisions\/11698"}],"wp:featuredmedia":[{"embeddable":true,"href":"https:\/\/cpsscba.org\/confluenciasvirtual\/index.php?rest_route=\/wp\/v2\/media\/11701"}],"wp:attachment":[{"href":"https:\/\/cpsscba.org\/confluenciasvirtual\/index.php?rest_route=%2Fwp%2Fv2%2Fmedia&parent=11690"}],"wp:term":[{"taxonomy":"category","embeddable":true,"href":"https:\/\/cpsscba.org\/confluenciasvirtual\/index.php?rest_route=%2Fwp%2Fv2%2Fcategories&post=11690"},{"taxonomy":"post_tag","embeddable":true,"href":"https:\/\/cpsscba.org\/confluenciasvirtual\/index.php?rest_route=%2Fwp%2Fv2%2Ftags&post=11690"}],"curies":[{"name":"wp","href":"https:\/\/api.w.org\/{rel}","templated":true}]}}