{"id":11653,"date":"2026-01-12T18:00:44","date_gmt":"2026-01-12T21:00:44","guid":{"rendered":"https:\/\/cpsscba.org\/confluenciasvirtual\/?p=11653"},"modified":"2026-01-12T19:19:49","modified_gmt":"2026-01-12T22:19:49","slug":"se-constituye-la-junta-electoral-para-las-proximas-elecciones-del-colegio-de-profesionales-en-trabajo-social","status":"publish","type":"post","link":"https:\/\/cpsscba.org\/confluenciasvirtual\/?p=11653","title":{"rendered":"Se constituye la Junta Electoral para las pr\u00f3ximas elecciones del Colegio de Profesionales en Trabajo Social"},"content":{"rendered":"\n<p><strong>El \u00f3rgano electoral qued\u00f3 formalmente conformado tras la asamblea extraordinaria y ya tiene fijada la fecha para los comicios provinciales y regionales donde se renovar\u00e1n las autoridades de la instituci\u00f3n.<\/strong><\/p>\n\n\n\n<!--more-->\n\n\n\n<p>En la ciudad de C\u00f3rdoba, el pasado 7 de enero de 2026, qued\u00f3 oficialmente constituida la <strong>Junta Electoral Provincial<\/strong> del Colegio de Profesionales en Trabajo Social de la Provincia de C\u00f3rdoba. Esta designaci\u00f3n surge tras la Asamblea Extraordinaria celebrada el 22 de diciembre de 2025, con el objetivo de dar cumplimiento a las Leyes 11.082 y 11.083 para la renovaci\u00f3n de autoridades institucionales.<\/p>\n\n\n\n<p>Durante el encuentro, que comenz\u00f3 a las 17:00 horas, se definieron las autoridades que coordinar\u00e1n el proceso electoral destinado a elegir a lxs nuevxs integrantes de la Mesa Ejecutiva, el Tribunal de \u00c9tica, el \u00d3rgano Revisor de Cuentas y los Consejos Directivos de las seis delegaciones regionales: Centro, Sur, Sureste, Este, Norte y Noroeste.<\/p>\n\n\n\n<h3 class=\"wp-block-heading\">Autoridades Designadas<\/h3>\n\n\n\n<p>Bajo los lineamientos de la normativa vigente, la Junta Electoral qued\u00f3 integrada por las siguientes profesionales:<\/p>\n\n\n\n<ul>\n<li><strong>Presidenta:<\/strong> Mar\u00eda Dolores Pedraza (MP 2408)<\/li>\n\n\n\n<li><strong>Secretaria:<\/strong> Gema Armano (MP 4348)<\/li>\n\n\n\n<li><strong>Primer Vocal Titular:<\/strong> Maximiliano Garc\u00eda (MP 4335)<\/li>\n\n\n\n<li><strong>Segundo Vocal Titular:<\/strong> Alicia Lencina (MP 147)<\/li>\n\n\n\n<li><strong>Vocales Suplentes:<\/strong> Margarita Acosta (MP 1156) y Silvia Fossini (MP 3887)<\/li>\n<\/ul>\n\n\n\n<h3 class=\"wp-block-heading\"><br>Calendario Electoral<\/h3>\n\n\n\n<p>En el acta de constituci\u00f3n se ratific\u00f3 que las elecciones se llevar\u00e1n a cabo el pr\u00f3ximo <strong>17 de abril de 2026<\/strong>. Esta fecha hab\u00eda sido fijada previamente por el Consejo Directivo en su sesi\u00f3n extraordinaria del 5 de enero.<\/p>\n\n\n\n<p>Con la firma de sus integrantes y la posterior publicaci\u00f3n en los canales oficiales de prensa del Colegio, se da inicio formal al cronograma que regir\u00e1 la vida democr\u00e1tica de los profesionales del trabajo social en toda la provincia.<\/p>\n\n\n\n<p><\/p>\n\n\n\n<div data-wp-interactive=\"\" class=\"wp-block-file\"><object data-wp-bind--hidden=\"!selectors.core.file.hasPdfPreview\" hidden class=\"wp-block-file__embed\" data=\"https:\/\/cpsscba.org\/confluenciasvirtual\/wp-content\/uploads\/2026\/01\/Acta-No-1-JE-CPTSPC.pdf\" type=\"application\/pdf\" style=\"width:100%;height:600px\" aria-label=\"Incrustado de Acta-No-1-JE-CPTSPC.\"><\/object><a id=\"wp-block-file--media-355afa97-2165-44f1-83c7-54371cc84e5d\" href=\"https:\/\/cpsscba.org\/confluenciasvirtual\/wp-content\/uploads\/2026\/01\/Acta-No-1-JE-CPTSPC.pdf\">Acta-No-1-JE-CPTSPC<\/a><a href=\"https:\/\/cpsscba.org\/confluenciasvirtual\/wp-content\/uploads\/2026\/01\/Acta-No-1-JE-CPTSPC.pdf\" class=\"wp-block-file__button wp-element-button\" download aria-describedby=\"wp-block-file--media-355afa97-2165-44f1-83c7-54371cc84e5d\">Descarga<\/a><\/div>\n","protected":false},"excerpt":{"rendered":"<p>El \u00f3rgano electoral qued\u00f3 formalmente conformado tras la asamblea extraordinaria y ya tiene fijada la fecha para los comicios provinciales<\/p>\n","protected":false},"author":1,"featured_media":11661,"comment_status":"open","ping_status":"open","sticky":false,"template":"","format":"standard","meta":{"footnotes":""},"categories":[185,14],"tags":[],"_links":{"self":[{"href":"https:\/\/cpsscba.org\/confluenciasvirtual\/index.php?rest_route=\/wp\/v2\/posts\/11653"}],"collection":[{"href":"https:\/\/cpsscba.org\/confluenciasvirtual\/index.php?rest_route=\/wp\/v2\/posts"}],"about":[{"href":"https:\/\/cpsscba.org\/confluenciasvirtual\/index.php?rest_route=\/wp\/v2\/types\/post"}],"author":[{"embeddable":true,"href":"https:\/\/cpsscba.org\/confluenciasvirtual\/index.php?rest_route=\/wp\/v2\/users\/1"}],"replies":[{"embeddable":true,"href":"https:\/\/cpsscba.org\/confluenciasvirtual\/index.php?rest_route=%2Fwp%2Fv2%2Fcomments&post=11653"}],"version-history":[{"count":2,"href":"https:\/\/cpsscba.org\/confluenciasvirtual\/index.php?rest_route=\/wp\/v2\/posts\/11653\/revisions"}],"predecessor-version":[{"id":11659,"href":"https:\/\/cpsscba.org\/confluenciasvirtual\/index.php?rest_route=\/wp\/v2\/posts\/11653\/revisions\/11659"}],"wp:featuredmedia":[{"embeddable":true,"href":"https:\/\/cpsscba.org\/confluenciasvirtual\/index.php?rest_route=\/wp\/v2\/media\/11661"}],"wp:attachment":[{"href":"https:\/\/cpsscba.org\/confluenciasvirtual\/index.php?rest_route=%2Fwp%2Fv2%2Fmedia&parent=11653"}],"wp:term":[{"taxonomy":"category","embeddable":true,"href":"https:\/\/cpsscba.org\/confluenciasvirtual\/index.php?rest_route=%2Fwp%2Fv2%2Fcategories&post=11653"},{"taxonomy":"post_tag","embeddable":true,"href":"https:\/\/cpsscba.org\/confluenciasvirtual\/index.php?rest_route=%2Fwp%2Fv2%2Ftags&post=11653"}],"curies":[{"name":"wp","href":"https:\/\/api.w.org\/{rel}","templated":true}]}}