{"id":11586,"date":"2025-12-23T10:31:47","date_gmt":"2025-12-23T13:31:47","guid":{"rendered":"https:\/\/cpsscba.org\/confluenciasvirtual\/?p=11586"},"modified":"2025-12-23T10:34:47","modified_gmt":"2025-12-23T13:34:47","slug":"el-trabajo-social-en-cordoba-una-historia-de-hitos-luchas-y-consolidacion-institucional","status":"publish","type":"post","link":"https:\/\/cpsscba.org\/confluenciasvirtual\/?p=11586","title":{"rendered":"El Trabajo Social en C\u00f3rdoba: una historia de hitos, luchas y consolidaci\u00f3n institucional"},"content":{"rendered":"\n<p>En el marco del D\u00eda nacional de las y los Trabajadores Sociales, referentes de la profesi\u00f3n\/disciplina dialogaron sobre el legado y los desaf\u00edos a 70 a\u00f1os de la carrera en la UNC, los 40 a\u00f1os del Colegio Profesional y la primera d\u00e9cada de la Facultad de Ciencias Sociales.<\/p>\n\n\n\n<!--more-->\n\n\n\n<p>El pasado 10 de diciembre, en una jornada cargada de simbolismo y memoria, se llev\u00f3 a cabo una mesa de di\u00e1logo que reuni\u00f3 a destacadas figuras de la profesi\u00f3n\/disciplina en la provincia. El encuentro, realizado en conmemoraci\u00f3n del D\u00eda de las y los Trabajadores Sociales en Argentina, se centr\u00f3 en un an\u00e1lisis profundo sobre la trayectoria y los aportes de las instituciones que han forjado la identidad del Trabajo Social en C\u00f3rdoba.<\/p>\n\n\n\n<figure class=\"wp-block-image size-large\"><a href=\"https:\/\/cpsscba.org\/confluenciasvirtual\/wp-content\/uploads\/2025\/12\/Gacetilla-5.png\"><img loading=\"lazy\" decoding=\"async\" width=\"1024\" height=\"1024\" src=\"https:\/\/cpsscba.org\/confluenciasvirtual\/wp-content\/uploads\/2025\/12\/Gacetilla-5-1024x1024.png\" alt=\"\" class=\"wp-image-11594\" srcset=\"https:\/\/cpsscba.org\/confluenciasvirtual\/wp-content\/uploads\/2025\/12\/Gacetilla-5-1024x1024.png 1024w, https:\/\/cpsscba.org\/confluenciasvirtual\/wp-content\/uploads\/2025\/12\/Gacetilla-5-300x300.png 300w, https:\/\/cpsscba.org\/confluenciasvirtual\/wp-content\/uploads\/2025\/12\/Gacetilla-5-150x150.png 150w, https:\/\/cpsscba.org\/confluenciasvirtual\/wp-content\/uploads\/2025\/12\/Gacetilla-5-768x768.png 768w, https:\/\/cpsscba.org\/confluenciasvirtual\/wp-content\/uploads\/2025\/12\/Gacetilla-5.png 1080w\" sizes=\"(max-width: 1024px) 100vw, 1024px\" \/><\/a><\/figure>\n\n\n\n<p>La mesa cont\u00f3 con las reflexiones de&nbsp;<strong>Mar\u00eda In\u00e9s Peralta<\/strong>,&nbsp;<strong>Mar\u00eda Ang\u00e9lica Paviolo<\/strong>&nbsp;y&nbsp;<strong>Silvina Cuella<\/strong>, quienes compartieron un recorrido hist\u00f3rico basado en tres ejes temporales clave: los 70 a\u00f1os de la Carrera de Trabajo Social de la Universidad Nacional de C\u00f3rdoba (UNC), el 40\u00b0 aniversario del Colegio de Profesionales en Servicio Social de la Provincia de C\u00f3rdoba (CPSSPC) y los 10 a\u00f1os de la creaci\u00f3n de la Facultad de Ciencias Sociales (FCS-UNC).<\/p>\n\n\n\n<figure class=\"wp-block-image size-large\"><a href=\"https:\/\/cpsscba.org\/confluenciasvirtual\/wp-content\/uploads\/2025\/12\/Gacetilla-6.png\"><img loading=\"lazy\" decoding=\"async\" width=\"1024\" height=\"1024\" src=\"https:\/\/cpsscba.org\/confluenciasvirtual\/wp-content\/uploads\/2025\/12\/Gacetilla-6-1024x1024.png\" alt=\"\" class=\"wp-image-11593\" srcset=\"https:\/\/cpsscba.org\/confluenciasvirtual\/wp-content\/uploads\/2025\/12\/Gacetilla-6-1024x1024.png 1024w, https:\/\/cpsscba.org\/confluenciasvirtual\/wp-content\/uploads\/2025\/12\/Gacetilla-6-300x300.png 300w, https:\/\/cpsscba.org\/confluenciasvirtual\/wp-content\/uploads\/2025\/12\/Gacetilla-6-150x150.png 150w, https:\/\/cpsscba.org\/confluenciasvirtual\/wp-content\/uploads\/2025\/12\/Gacetilla-6-768x768.png 768w, https:\/\/cpsscba.org\/confluenciasvirtual\/wp-content\/uploads\/2025\/12\/Gacetilla-6.png 1080w\" sizes=\"(max-width: 1024px) 100vw, 1024px\" \/><\/a><\/figure>\n\n\n\n<p>Durante el intercambio, se realiz\u00f3 una lectura en clave hist\u00f3rica que permiti\u00f3 desandar las trayectorias de la unidad acad\u00e9mica y de la organizaci\u00f3n deontol\u00f3gica. Las disertantes coincidieron en destacar el camino de jerarquizaci\u00f3n profesional recorrido, subrayando c\u00f3mo la articulaci\u00f3n entre la formaci\u00f3n acad\u00e9mica y la organizaci\u00f3n colegiada ha sido fundamental para el reconocimiento del Trabajo Social como una profesi\u00f3n\/disciplina con peso pol\u00edtico y social.<\/p>\n\n\n\n<p>El an\u00e1lisis no solo rescat\u00f3 hitos fundacionales, sino que tambi\u00e9n puso en valor las experiencias de consolidaci\u00f3n institucional en contextos diversos. Se reconoci\u00f3 la importancia de sostener la memoria colectiva para entender los aportes actuales de la profesi\u00f3n en la defensa de los Derechos Humanos y la construcci\u00f3n de ciudadan\u00eda en C\u00f3rdoba.<\/p>\n\n\n\n<figure class=\"wp-block-image size-large\"><a href=\"https:\/\/cpsscba.org\/confluenciasvirtual\/wp-content\/uploads\/2025\/12\/Gacetilla-8.png\"><img loading=\"lazy\" decoding=\"async\" width=\"1024\" height=\"1024\" src=\"https:\/\/cpsscba.org\/confluenciasvirtual\/wp-content\/uploads\/2025\/12\/Gacetilla-8-1024x1024.png\" alt=\"\" class=\"wp-image-11591\" srcset=\"https:\/\/cpsscba.org\/confluenciasvirtual\/wp-content\/uploads\/2025\/12\/Gacetilla-8-1024x1024.png 1024w, https:\/\/cpsscba.org\/confluenciasvirtual\/wp-content\/uploads\/2025\/12\/Gacetilla-8-300x300.png 300w, https:\/\/cpsscba.org\/confluenciasvirtual\/wp-content\/uploads\/2025\/12\/Gacetilla-8-150x150.png 150w, https:\/\/cpsscba.org\/confluenciasvirtual\/wp-content\/uploads\/2025\/12\/Gacetilla-8-768x768.png 768w, https:\/\/cpsscba.org\/confluenciasvirtual\/wp-content\/uploads\/2025\/12\/Gacetilla-8.png 1080w\" sizes=\"(max-width: 1024px) 100vw, 1024px\" \/><\/a><\/figure>\n\n\n\n<p>Este espacio de di\u00e1logo reafirm\u00f3 que la historia del Trabajo Social en la provincia es el resultado de una construcci\u00f3n colectiva, donde la academia y el colegio profesional se entrelazan para jerarquizar el rol de las y los trabajadores sociales en la realidad contempor\u00e1nea.<\/p>\n","protected":false},"excerpt":{"rendered":"<p>En el marco del D\u00eda nacional de las y los Trabajadores Sociales, referentes de la profesi\u00f3n\/disciplina dialogaron sobre el legado<\/p>\n","protected":false},"author":1,"featured_media":11587,"comment_status":"open","ping_status":"open","sticky":false,"template":"","format":"standard","meta":{"footnotes":""},"categories":[14,24],"tags":[],"_links":{"self":[{"href":"https:\/\/cpsscba.org\/confluenciasvirtual\/index.php?rest_route=\/wp\/v2\/posts\/11586"}],"collection":[{"href":"https:\/\/cpsscba.org\/confluenciasvirtual\/index.php?rest_route=\/wp\/v2\/posts"}],"about":[{"href":"https:\/\/cpsscba.org\/confluenciasvirtual\/index.php?rest_route=\/wp\/v2\/types\/post"}],"author":[{"embeddable":true,"href":"https:\/\/cpsscba.org\/confluenciasvirtual\/index.php?rest_route=\/wp\/v2\/users\/1"}],"replies":[{"embeddable":true,"href":"https:\/\/cpsscba.org\/confluenciasvirtual\/index.php?rest_route=%2Fwp%2Fv2%2Fcomments&post=11586"}],"version-history":[{"count":2,"href":"https:\/\/cpsscba.org\/confluenciasvirtual\/index.php?rest_route=\/wp\/v2\/posts\/11586\/revisions"}],"predecessor-version":[{"id":11599,"href":"https:\/\/cpsscba.org\/confluenciasvirtual\/index.php?rest_route=\/wp\/v2\/posts\/11586\/revisions\/11599"}],"wp:featuredmedia":[{"embeddable":true,"href":"https:\/\/cpsscba.org\/confluenciasvirtual\/index.php?rest_route=\/wp\/v2\/media\/11587"}],"wp:attachment":[{"href":"https:\/\/cpsscba.org\/confluenciasvirtual\/index.php?rest_route=%2Fwp%2Fv2%2Fmedia&parent=11586"}],"wp:term":[{"taxonomy":"category","embeddable":true,"href":"https:\/\/cpsscba.org\/confluenciasvirtual\/index.php?rest_route=%2Fwp%2Fv2%2Fcategories&post=11586"},{"taxonomy":"post_tag","embeddable":true,"href":"https:\/\/cpsscba.org\/confluenciasvirtual\/index.php?rest_route=%2Fwp%2Fv2%2Ftags&post=11586"}],"curies":[{"name":"wp","href":"https:\/\/api.w.org\/{rel}","templated":true}]}}