{"id":11569,"date":"2025-12-20T22:00:00","date_gmt":"2025-12-21T01:00:00","guid":{"rendered":"https:\/\/cpsscba.org\/confluenciasvirtual\/?p=11569"},"modified":"2025-12-21T13:31:41","modified_gmt":"2025-12-21T16:31:41","slug":"el-cptspc-y-la-unc-impulsan-el-trabajo-conjunto-para-fortalecer-el-programa-emprender","status":"publish","type":"post","link":"https:\/\/cpsscba.org\/confluenciasvirtual\/?p=11569","title":{"rendered":"El CPTSPC y la UNC impulsan el trabajo conjunto para fortalecer el Programa Emprender"},"content":{"rendered":"\n<p>Representantes del Colegio de Profesionales en Trabajo Social participaron de una reuni\u00f3n convocada por la Universidad Nacional de C\u00f3rdoba y FEPUC para potenciar proyectos de innovaci\u00f3n tecnol\u00f3gica con impacto social destinados a recientes egresada\/os.<\/p>\n\n\n\n<!--more-->\n\n\n\n<p>El Colegio de Profesionales en Trabajo Social de la Provincia de C\u00f3rdoba (CPTSPC) form\u00f3 parte de una mesa de trabajo estrat\u00e9gica convocada por las autoridades de la Universidad Nacional de C\u00f3rdoba (UNC). El encuentro, que cont\u00f3 con la participaci\u00f3n de integrantes de la Federaci\u00f3n de Entidades Profesionales Universitarias de C\u00f3rdoba (FEPUC), tuvo como eje central la coordinaci\u00f3n de esfuerzos institucionales de cara a la pr\u00f3xima convocatoria del Programa Emprender.<\/p>\n\n\n\n<figure class=\"wp-block-image size-large\"><a href=\"https:\/\/cpsscba.org\/confluenciasvirtual\/wp-content\/uploads\/2025\/12\/01-B.jpeg\"><img loading=\"lazy\" decoding=\"async\" width=\"1024\" height=\"683\" src=\"https:\/\/cpsscba.org\/confluenciasvirtual\/wp-content\/uploads\/2025\/12\/01-B-1024x683.jpeg\" alt=\"\" class=\"wp-image-11570\" srcset=\"https:\/\/cpsscba.org\/confluenciasvirtual\/wp-content\/uploads\/2025\/12\/01-B-1024x683.jpeg 1024w, https:\/\/cpsscba.org\/confluenciasvirtual\/wp-content\/uploads\/2025\/12\/01-B-300x200.jpeg 300w, https:\/\/cpsscba.org\/confluenciasvirtual\/wp-content\/uploads\/2025\/12\/01-B-768x512.jpeg 768w, https:\/\/cpsscba.org\/confluenciasvirtual\/wp-content\/uploads\/2025\/12\/01-B-1536x1024.jpeg 1536w, https:\/\/cpsscba.org\/confluenciasvirtual\/wp-content\/uploads\/2025\/12\/01-B.jpeg 1599w\" sizes=\"(max-width: 1024px) 100vw, 1024px\" \/><\/a><\/figure>\n\n\n\n<p>Esta iniciativa tiene como prop\u00f3sito fundamental capacitar y brindar acompa\u00f1amiento t\u00e9cnico a profesionales recientemente egresadas\/os.<\/p>\n\n\n\n<p>Durante la reuni\u00f3n, se subray\u00f3 la importancia de la articulaci\u00f3n entre la academia y las organizaciones profesionales. Para el CPTSPC, la participaci\u00f3n en estas instancias resulta clave para garantizar que la mirada del Trabajo Social est\u00e9 presente en proyectos de innovaci\u00f3n, aportando una perspectiva de derechos y de transformaci\u00f3n social en los nuevos emprendimientos profesionales.<\/p>\n\n\n\n<figure class=\"wp-block-image aligncenter size-large\"><a href=\"https:\/\/cpsscba.org\/confluenciasvirtual\/wp-content\/uploads\/2025\/12\/3.jpeg\"><img loading=\"lazy\" decoding=\"async\" width=\"914\" height=\"1024\" src=\"https:\/\/cpsscba.org\/confluenciasvirtual\/wp-content\/uploads\/2025\/12\/3-914x1024.jpeg\" alt=\"\" class=\"wp-image-11571\" srcset=\"https:\/\/cpsscba.org\/confluenciasvirtual\/wp-content\/uploads\/2025\/12\/3-914x1024.jpeg 914w, https:\/\/cpsscba.org\/confluenciasvirtual\/wp-content\/uploads\/2025\/12\/3-268x300.jpeg 268w, https:\/\/cpsscba.org\/confluenciasvirtual\/wp-content\/uploads\/2025\/12\/3-768x860.jpeg 768w, https:\/\/cpsscba.org\/confluenciasvirtual\/wp-content\/uploads\/2025\/12\/3.jpeg 1076w\" sizes=\"(max-width: 914px) 100vw, 914px\" \/><\/a><\/figure>\n\n\n\n<p>Con esta alianza, se espera potenciar las herramientas de inserci\u00f3n laboral para las y los nuevos colegas, brind\u00e1ndoles un marco de apoyo que integre la formaci\u00f3n acad\u00e9mica con las demandas de los sectores productivos y las necesidades de la comunidad.<\/p>\n","protected":false},"excerpt":{"rendered":"<p>Representantes del Colegio de Profesionales en Trabajo Social participaron de una reuni\u00f3n convocada por la Universidad Nacional de C\u00f3rdoba y<\/p>\n","protected":false},"author":1,"featured_media":11574,"comment_status":"open","ping_status":"open","sticky":false,"template":"","format":"standard","meta":{"footnotes":""},"categories":[45,14],"tags":[],"_links":{"self":[{"href":"https:\/\/cpsscba.org\/confluenciasvirtual\/index.php?rest_route=\/wp\/v2\/posts\/11569"}],"collection":[{"href":"https:\/\/cpsscba.org\/confluenciasvirtual\/index.php?rest_route=\/wp\/v2\/posts"}],"about":[{"href":"https:\/\/cpsscba.org\/confluenciasvirtual\/index.php?rest_route=\/wp\/v2\/types\/post"}],"author":[{"embeddable":true,"href":"https:\/\/cpsscba.org\/confluenciasvirtual\/index.php?rest_route=\/wp\/v2\/users\/1"}],"replies":[{"embeddable":true,"href":"https:\/\/cpsscba.org\/confluenciasvirtual\/index.php?rest_route=%2Fwp%2Fv2%2Fcomments&post=11569"}],"version-history":[{"count":2,"href":"https:\/\/cpsscba.org\/confluenciasvirtual\/index.php?rest_route=\/wp\/v2\/posts\/11569\/revisions"}],"predecessor-version":[{"id":11575,"href":"https:\/\/cpsscba.org\/confluenciasvirtual\/index.php?rest_route=\/wp\/v2\/posts\/11569\/revisions\/11575"}],"wp:featuredmedia":[{"embeddable":true,"href":"https:\/\/cpsscba.org\/confluenciasvirtual\/index.php?rest_route=\/wp\/v2\/media\/11574"}],"wp:attachment":[{"href":"https:\/\/cpsscba.org\/confluenciasvirtual\/index.php?rest_route=%2Fwp%2Fv2%2Fmedia&parent=11569"}],"wp:term":[{"taxonomy":"category","embeddable":true,"href":"https:\/\/cpsscba.org\/confluenciasvirtual\/index.php?rest_route=%2Fwp%2Fv2%2Fcategories&post=11569"},{"taxonomy":"post_tag","embeddable":true,"href":"https:\/\/cpsscba.org\/confluenciasvirtual\/index.php?rest_route=%2Fwp%2Fv2%2Ftags&post=11569"}],"curies":[{"name":"wp","href":"https:\/\/api.w.org\/{rel}","templated":true}]}}