{"id":11499,"date":"2025-11-17T14:05:31","date_gmt":"2025-11-17T17:05:31","guid":{"rendered":"https:\/\/cpsscba.org\/confluenciasvirtual\/?p=11499"},"modified":"2025-11-17T14:12:32","modified_gmt":"2025-11-17T17:12:32","slug":"conversatorio-trabajo-social-en-el-campo-educativo-la-construccion-del-oficio","status":"publish","type":"post","link":"https:\/\/cpsscba.org\/confluenciasvirtual\/?p=11499","title":{"rendered":"Conversatorio \u00abTrabajo Social en el campo educativo: la construcci\u00f3n del oficio\u00bb"},"content":{"rendered":"\n<p>Desde la Mesa de Educaci\u00f3n del CPSSPC, en conjunto con la C\u00e1tedra de Intervenci\u00f3n Institucional (TEEI IV) y el equipo de investigaci\u00f3n \u201cEstrategias de intervenci\u00f3n profesional en el marco de las pol\u00edticas educativas (2023-2027) de la Facultad de Ciencias Sociales (UNC), les invitamos a participar de un espacio de conversaci\u00f3n sobre un tema relevante para pensar la intervenci\u00f3n de Trabajo Social y sus implicancias actuales en el \u00e1mbito educativo.<\/p>\n\n\n\n<!--more-->\n\n\n\n<p><strong>Dialogan en el conversatorio lxs colegas:<\/strong><\/p>\n\n\n\n<ul>\n<li>Marina ROCA (coordinadora de curso del IPEM 155 \u201cJuan Jos\u00e9 Paso\u201d, C\u00f3rdoba capital).<\/li>\n\n\n\n<li>Fabi\u00e1n CALDER\u00d3N (docente UNLaR, ex Ministro de Educaci\u00f3n de la Provincia de La Rioja y ex Rector de la UNLaR).<\/li>\n\n\n\n<li>Gabriela ROTONDI (docente e investigadora de la FCS-UNC).<br><br> Fecha y horario: jueves 20 de noviembre de 2025 (de 16 a 18 horas).<br> Lugar y modalidad: Aula 08 (Facultad de Ciencias Sociales &#8211; UNC) en modalidad h\u00edbrida.<\/li>\n<\/ul>\n\n\n\n<figure class=\"wp-block-image aligncenter size-large\"><a href=\"https:\/\/cpsscba.org\/confluenciasvirtual\/wp-content\/uploads\/2025\/11\/WhatsApp-Image-2025-11-04-at-10.11.35.jpeg\"><img loading=\"lazy\" decoding=\"async\" width=\"819\" height=\"1024\" src=\"https:\/\/cpsscba.org\/confluenciasvirtual\/wp-content\/uploads\/2025\/11\/WhatsApp-Image-2025-11-04-at-10.11.35-819x1024.jpeg\" alt=\"\" class=\"wp-image-11500\" srcset=\"https:\/\/cpsscba.org\/confluenciasvirtual\/wp-content\/uploads\/2025\/11\/WhatsApp-Image-2025-11-04-at-10.11.35-819x1024.jpeg 819w, https:\/\/cpsscba.org\/confluenciasvirtual\/wp-content\/uploads\/2025\/11\/WhatsApp-Image-2025-11-04-at-10.11.35-240x300.jpeg 240w, https:\/\/cpsscba.org\/confluenciasvirtual\/wp-content\/uploads\/2025\/11\/WhatsApp-Image-2025-11-04-at-10.11.35-768x960.jpeg 768w, https:\/\/cpsscba.org\/confluenciasvirtual\/wp-content\/uploads\/2025\/11\/WhatsApp-Image-2025-11-04-at-10.11.35-1229x1536.jpeg 1229w, https:\/\/cpsscba.org\/confluenciasvirtual\/wp-content\/uploads\/2025\/11\/WhatsApp-Image-2025-11-04-at-10.11.35.jpeg 1280w\" sizes=\"(max-width: 819px) 100vw, 819px\" \/><\/a><\/figure>\n\n\n\n<p>Para colegas de Trabajo Social que se desempe\u00f1en en el \u00e1mbito educativo, existe la posibilidad de acreditar la actividad como curso de actualizaci\u00f3n profesional (se agrega una actividad no sincr\u00f3nica previa al conversatorio -enviar hasta el 17\/NOV- y una posterior). El curso, en ese caso (que acredita 10 horas) lo certifican conjuntamente el CPSSPC, el IPSIS y la Direcci\u00f3n de Graduades de la FCS (UNC).<\/p>\n\n\n\n<p>Actividad gratuita. Requiere de inscripci\u00f3n previa aqu\u00ed: <a href=\"https:\/\/forms.gle\/a8xYh2WVZ3jZ9P647\" target=\"_blank\" rel=\"noreferrer noopener\">https:\/\/forms.gle\/a8xYh2WVZ3jZ9P647<\/a><\/p>\n\n\n\n<p>\u00a1Les esperamos!<\/p>\n","protected":false},"excerpt":{"rendered":"<p>Desde la Mesa de Educaci\u00f3n del CPSSPC, en conjunto con la C\u00e1tedra de Intervenci\u00f3n Institucional (TEEI IV) y el equipo<\/p>\n","protected":false},"author":1,"featured_media":11503,"comment_status":"open","ping_status":"open","sticky":false,"template":"","format":"standard","meta":{"footnotes":""},"categories":[14],"tags":[],"_links":{"self":[{"href":"https:\/\/cpsscba.org\/confluenciasvirtual\/index.php?rest_route=\/wp\/v2\/posts\/11499"}],"collection":[{"href":"https:\/\/cpsscba.org\/confluenciasvirtual\/index.php?rest_route=\/wp\/v2\/posts"}],"about":[{"href":"https:\/\/cpsscba.org\/confluenciasvirtual\/index.php?rest_route=\/wp\/v2\/types\/post"}],"author":[{"embeddable":true,"href":"https:\/\/cpsscba.org\/confluenciasvirtual\/index.php?rest_route=\/wp\/v2\/users\/1"}],"replies":[{"embeddable":true,"href":"https:\/\/cpsscba.org\/confluenciasvirtual\/index.php?rest_route=%2Fwp%2Fv2%2Fcomments&post=11499"}],"version-history":[{"count":2,"href":"https:\/\/cpsscba.org\/confluenciasvirtual\/index.php?rest_route=\/wp\/v2\/posts\/11499\/revisions"}],"predecessor-version":[{"id":11504,"href":"https:\/\/cpsscba.org\/confluenciasvirtual\/index.php?rest_route=\/wp\/v2\/posts\/11499\/revisions\/11504"}],"wp:featuredmedia":[{"embeddable":true,"href":"https:\/\/cpsscba.org\/confluenciasvirtual\/index.php?rest_route=\/wp\/v2\/media\/11503"}],"wp:attachment":[{"href":"https:\/\/cpsscba.org\/confluenciasvirtual\/index.php?rest_route=%2Fwp%2Fv2%2Fmedia&parent=11499"}],"wp:term":[{"taxonomy":"category","embeddable":true,"href":"https:\/\/cpsscba.org\/confluenciasvirtual\/index.php?rest_route=%2Fwp%2Fv2%2Fcategories&post=11499"},{"taxonomy":"post_tag","embeddable":true,"href":"https:\/\/cpsscba.org\/confluenciasvirtual\/index.php?rest_route=%2Fwp%2Fv2%2Ftags&post=11499"}],"curies":[{"name":"wp","href":"https:\/\/api.w.org\/{rel}","templated":true}]}}