{"id":11482,"date":"2025-11-04T10:19:40","date_gmt":"2025-11-04T13:19:40","guid":{"rendered":"https:\/\/cpsscba.org\/confluenciasvirtual\/?p=11482"},"modified":"2025-11-04T10:33:44","modified_gmt":"2025-11-04T13:33:44","slug":"preocupacion-por-despidos-masivos-posicionamiento-del-colegio-de-servicio-social-ante-el-desmantelamiento-de-politicas-publicas","status":"publish","type":"post","link":"https:\/\/cpsscba.org\/confluenciasvirtual\/?p=11482","title":{"rendered":"Preocupaci\u00f3n por despidos masivos: Posicionamiento del Colegio de Servicio Social ante el desmantelamiento de pol\u00edticas p\u00fablicas"},"content":{"rendered":"\n<p>Desde el Colegio de Profesionales en Servicio Social de la Provincia de C\u00f3rdoba, expresamos nuestra profunda preocupaci\u00f3n en relaci\u00f3n con los recientes despidos masivos de profesionales que cumpl\u00edan funciones en el Ministerio de Capital Humano de la Naci\u00f3n.<\/p>\n\n\n\n<!--more-->\n\n\n\n<p>Consideramos que estas decisiones atentan no s\u00f3lo contra los derechos de les trabajadores, sino que adem\u00e1s producen un repliegue de las responsabilidades adjudicadas al Estado Nacional, en la promoci\u00f3n, garant\u00eda y restituci\u00f3n de derechos de la poblaci\u00f3n argentina.<\/p>\n\n\n\n<p>El despido de profesionales calificadxs, competentes y necesarixs para abordar y acompa\u00f1ar distintas situaciones de acceso a derechos, las modalidades informales y precarizadas de contrataci\u00f3n y las pol\u00edticas de desmantelamiento, que se expresan en la reducci\u00f3n o nula partida presupuestaria, implican un retroceso rotundo para nuestro pa\u00eds en materia de Derechos Humanos.<\/p>\n\n\n\n<p>Hacemos p\u00fablico que estos despidos, sumados al desmantelamiento de pol\u00edticas de asistencia que lleva adelante la cartera de Capital Humano desde hace casi dos a\u00f1os, afecta gravemente las garant\u00edas constitucionales de toda la ciudadan\u00eda, frente a un contexto de crisis extrema que vulnera derechos sociales, econ\u00f3micos, educativos, de salud, recreativos y culturales.<\/p>\n\n\n\n<figure class=\"wp-block-image aligncenter size-full\"><a href=\"https:\/\/cpsscba.org\/confluenciasvirtual\/wp-content\/uploads\/2025\/11\/image.png\"><img loading=\"lazy\" decoding=\"async\" width=\"906\" height=\"906\" src=\"https:\/\/cpsscba.org\/confluenciasvirtual\/wp-content\/uploads\/2025\/11\/image.png\" alt=\"\" class=\"wp-image-11483\" srcset=\"https:\/\/cpsscba.org\/confluenciasvirtual\/wp-content\/uploads\/2025\/11\/image.png 906w, https:\/\/cpsscba.org\/confluenciasvirtual\/wp-content\/uploads\/2025\/11\/image-300x300.png 300w, https:\/\/cpsscba.org\/confluenciasvirtual\/wp-content\/uploads\/2025\/11\/image-150x150.png 150w, https:\/\/cpsscba.org\/confluenciasvirtual\/wp-content\/uploads\/2025\/11\/image-768x768.png 768w\" sizes=\"(max-width: 906px) 100vw, 906px\" \/><\/a><\/figure>\n\n\n\n<p>En este contexto, el Consejo Directivo del CPSSPC, a trav\u00e9s de la Resol. 309\/2025, resolvi\u00f3 eximir del pago de la cuota de matr\u00edcula real (hasta el mes de febrero de 2026 inclusive), a profesionales matriculades despedides de las reparticiones municipales, provinciales y nacionales, en el marco del contexto actual de recorte, achicamiento del Estado, desaparici\u00f3n de programas sociales y despidos (para mayor informaci\u00f3n visitar la p\u00e1gina web del Colegio).<\/p>\n\n\n\n<div data-wp-interactive=\"\" class=\"wp-block-file aligncenter\"><object data-wp-bind--hidden=\"!selectors.core.file.hasPdfPreview\" hidden class=\"wp-block-file__embed\" data=\"https:\/\/cpsscba.org\/confluenciasvirtual\/wp-content\/uploads\/2025\/11\/Resol-CD-309-2025-Eximicion-a-matriculades-despedides.pdf\" type=\"application\/pdf\" style=\"width:100%;height:600px\" aria-label=\"Incrustado de Resol-CD-309-2025-Eximicion-a-matriculades-despedides.\"><\/object><a id=\"wp-block-file--media-4ba4c1bf-4675-491d-b05e-ebfcf09560bf\" href=\"https:\/\/cpsscba.org\/confluenciasvirtual\/wp-content\/uploads\/2025\/11\/Resol-CD-309-2025-Eximicion-a-matriculades-despedides.pdf\">Resol-CD-309-2025-Eximicion-a-matriculades-despedides<\/a><a href=\"https:\/\/cpsscba.org\/confluenciasvirtual\/wp-content\/uploads\/2025\/11\/Resol-CD-309-2025-Eximicion-a-matriculades-despedides.pdf\" class=\"wp-block-file__button wp-element-button\" download aria-describedby=\"wp-block-file--media-4ba4c1bf-4675-491d-b05e-ebfcf09560bf\">Descarga<\/a><\/div>\n","protected":false},"excerpt":{"rendered":"<p>Desde el Colegio de Profesionales en Servicio Social de la Provincia de C\u00f3rdoba, expresamos nuestra profunda preocupaci\u00f3n en relaci\u00f3n con<\/p>\n","protected":false},"author":1,"featured_media":11483,"comment_status":"open","ping_status":"open","sticky":false,"template":"","format":"standard","meta":{"footnotes":""},"categories":[14],"tags":[],"_links":{"self":[{"href":"https:\/\/cpsscba.org\/confluenciasvirtual\/index.php?rest_route=\/wp\/v2\/posts\/11482"}],"collection":[{"href":"https:\/\/cpsscba.org\/confluenciasvirtual\/index.php?rest_route=\/wp\/v2\/posts"}],"about":[{"href":"https:\/\/cpsscba.org\/confluenciasvirtual\/index.php?rest_route=\/wp\/v2\/types\/post"}],"author":[{"embeddable":true,"href":"https:\/\/cpsscba.org\/confluenciasvirtual\/index.php?rest_route=\/wp\/v2\/users\/1"}],"replies":[{"embeddable":true,"href":"https:\/\/cpsscba.org\/confluenciasvirtual\/index.php?rest_route=%2Fwp%2Fv2%2Fcomments&post=11482"}],"version-history":[{"count":3,"href":"https:\/\/cpsscba.org\/confluenciasvirtual\/index.php?rest_route=\/wp\/v2\/posts\/11482\/revisions"}],"predecessor-version":[{"id":11487,"href":"https:\/\/cpsscba.org\/confluenciasvirtual\/index.php?rest_route=\/wp\/v2\/posts\/11482\/revisions\/11487"}],"wp:featuredmedia":[{"embeddable":true,"href":"https:\/\/cpsscba.org\/confluenciasvirtual\/index.php?rest_route=\/wp\/v2\/media\/11483"}],"wp:attachment":[{"href":"https:\/\/cpsscba.org\/confluenciasvirtual\/index.php?rest_route=%2Fwp%2Fv2%2Fmedia&parent=11482"}],"wp:term":[{"taxonomy":"category","embeddable":true,"href":"https:\/\/cpsscba.org\/confluenciasvirtual\/index.php?rest_route=%2Fwp%2Fv2%2Fcategories&post=11482"},{"taxonomy":"post_tag","embeddable":true,"href":"https:\/\/cpsscba.org\/confluenciasvirtual\/index.php?rest_route=%2Fwp%2Fv2%2Ftags&post=11482"}],"curies":[{"name":"wp","href":"https:\/\/api.w.org\/{rel}","templated":true}]}}