{"id":11434,"date":"2025-10-09T09:50:23","date_gmt":"2025-10-09T12:50:23","guid":{"rendered":"https:\/\/cpsscba.org\/confluenciasvirtual\/?p=11434"},"modified":"2025-10-09T09:55:40","modified_gmt":"2025-10-09T12:55:40","slug":"balance-de-la-gestion-de-carolina-allende-del-amparo-por-los-derechos-a-la-reinvencion-en-pandemia","status":"publish","type":"post","link":"https:\/\/cpsscba.org\/confluenciasvirtual\/?p=11434","title":{"rendered":"Balance de la gesti\u00f3n de Carolina Allende: Del amparo por los derechos a la reinvenci\u00f3n en pandemia"},"content":{"rendered":"\n<p>Carolina Allende fue presidenta del Colegio de Profesionales durante los periodos 2016-2018 y 2018-2022,<strong>\u00a0<\/strong>este \u00faltimo prorrogado por dos a\u00f1os en virtud de la pandemia por COVID 19. Se\u00f1ala que durante su primera gesti\u00f3n, una de las acciones destacadas fue la presentaci\u00f3n &#8211; a instancias de la Comisi\u00f3n de Discapacidad &#8211; de un amparo ante la justicia federal para ser reconocidas como agentes de salud ante la superintendencia de seguros de salud. Durante su segundo mandato, el atravesamiento de la pandemia por COVID 19 fue central, hubo que reinventarse institucionalmente y ofrecer a colegas protocolos de trabajo que brindaran cuidado y la gesti\u00f3n en la prioridad para la vacunaci\u00f3n.<\/p>\n\n\n\n<figure class=\"wp-block-embed is-type-video is-provider-youtube wp-block-embed-youtube wp-embed-aspect-16-9 wp-has-aspect-ratio\"><div class=\"wp-block-embed__wrapper\">\n<iframe loading=\"lazy\" title=\"Balance de la gesti\u00f3n de Carolina Allende: Del amparo por los derechos a la reinvenci\u00f3n en pandemia\" width=\"800\" height=\"450\" src=\"https:\/\/www.youtube.com\/embed\/-FV8zdvz7ew?feature=oembed\" frameborder=\"0\" allow=\"accelerometer; autoplay; clipboard-write; encrypted-media; gyroscope; picture-in-picture; web-share\" referrerpolicy=\"strict-origin-when-cross-origin\" allowfullscreen><\/iframe>\n<\/div><\/figure>\n\n\n\n<p><a href=\"https:\/\/www.youtube.com\/@prensacolegionoticiasdeltr9474\"><\/a><\/p>\n","protected":false},"excerpt":{"rendered":"<p>Carolina Allende fue presidenta del Colegio de Profesionales durante los periodos 2016-2018 y 2018-2022,\u00a0este \u00faltimo prorrogado por dos a\u00f1os en<\/p>\n","protected":false},"author":1,"featured_media":11435,"comment_status":"open","ping_status":"open","sticky":false,"template":"","format":"standard","meta":{"footnotes":""},"categories":[184],"tags":[],"_links":{"self":[{"href":"https:\/\/cpsscba.org\/confluenciasvirtual\/index.php?rest_route=\/wp\/v2\/posts\/11434"}],"collection":[{"href":"https:\/\/cpsscba.org\/confluenciasvirtual\/index.php?rest_route=\/wp\/v2\/posts"}],"about":[{"href":"https:\/\/cpsscba.org\/confluenciasvirtual\/index.php?rest_route=\/wp\/v2\/types\/post"}],"author":[{"embeddable":true,"href":"https:\/\/cpsscba.org\/confluenciasvirtual\/index.php?rest_route=\/wp\/v2\/users\/1"}],"replies":[{"embeddable":true,"href":"https:\/\/cpsscba.org\/confluenciasvirtual\/index.php?rest_route=%2Fwp%2Fv2%2Fcomments&post=11434"}],"version-history":[{"count":2,"href":"https:\/\/cpsscba.org\/confluenciasvirtual\/index.php?rest_route=\/wp\/v2\/posts\/11434\/revisions"}],"predecessor-version":[{"id":11437,"href":"https:\/\/cpsscba.org\/confluenciasvirtual\/index.php?rest_route=\/wp\/v2\/posts\/11434\/revisions\/11437"}],"wp:featuredmedia":[{"embeddable":true,"href":"https:\/\/cpsscba.org\/confluenciasvirtual\/index.php?rest_route=\/wp\/v2\/media\/11435"}],"wp:attachment":[{"href":"https:\/\/cpsscba.org\/confluenciasvirtual\/index.php?rest_route=%2Fwp%2Fv2%2Fmedia&parent=11434"}],"wp:term":[{"taxonomy":"category","embeddable":true,"href":"https:\/\/cpsscba.org\/confluenciasvirtual\/index.php?rest_route=%2Fwp%2Fv2%2Fcategories&post=11434"},{"taxonomy":"post_tag","embeddable":true,"href":"https:\/\/cpsscba.org\/confluenciasvirtual\/index.php?rest_route=%2Fwp%2Fv2%2Ftags&post=11434"}],"curies":[{"name":"wp","href":"https:\/\/api.w.org\/{rel}","templated":true}]}}