{"id":11333,"date":"2025-08-29T00:00:00","date_gmt":"2025-08-29T03:00:00","guid":{"rendered":"https:\/\/cpsscba.org\/confluenciasvirtual\/?p=11333"},"modified":"2025-09-09T11:17:41","modified_gmt":"2025-09-09T14:17:41","slug":"el-colegio-de-profesionales-en-servicio-social-de-la-provincia-de-cordoba-cumple-40-anos","status":"publish","type":"post","link":"https:\/\/cpsscba.org\/confluenciasvirtual\/?p=11333","title":{"rendered":"El Colegio de Profesionales en Servicio Social de la Provincia de C\u00f3rdoba cumple 40 a\u00f1os"},"content":{"rendered":"\n<p>Fuimos testigos y protagonistas de profundas transformaciones. El Colegio acompa\u00f1\u00f3 grandes cambios de paradigma en pol\u00edticas p\u00fablicas y pr\u00e1cticas profesionales.<\/p>\n\n\n\n<!--more-->\n\n\n\n<figure class=\"wp-block-embed is-type-video is-provider-youtube wp-block-embed-youtube wp-embed-aspect-16-9 wp-has-aspect-ratio\"><div class=\"wp-block-embed__wrapper\">\n<iframe loading=\"lazy\" title=\"40 a\u00f1os. Una historia viva que seguimos escribiendo entre todas y todos.\" width=\"800\" height=\"450\" src=\"https:\/\/www.youtube.com\/embed\/4tAaqbSdSWA?feature=oembed\" frameborder=\"0\" allow=\"accelerometer; autoplay; clipboard-write; encrypted-media; gyroscope; picture-in-picture; web-share\" referrerpolicy=\"strict-origin-when-cross-origin\" allowfullscreen><\/iframe>\n<\/div><\/figure>\n\n\n\n<p>En la d\u00e9cada del 80, un grupo de profesionales organizadas\/os como&nbsp; Asociaci\u00f3n de Asistentes Sociales de la Provincia de C\u00f3rdoba&nbsp; quienes Construyeron y le dieron forma a una instituci\u00f3n comprometida con su tiempo, comenzaron a pensar y trabajar por la colegiaci\u00f3n.<\/p>\n\n\n\n<p>La democracia apenas asomaba con la esperanza de cerrar heridas profundas.<\/p>\n\n\n\n<p>Muchas\/os egresadas y egresados de Trabajo Social fueron v\u00edctimas de la dictadura. Una profesi\u00f3n con ra\u00edces en la justicia social, en los derechos humanos, en la memoria.<\/p>\n\n\n\n<p>Tras algunos a\u00f1os de luchas y reclamos, el 29 de agosto de 1985 se crea el Colegio de Profesionales en Servicio Social tras la sanci\u00f3n de la Ley 7342 en la provincia de C\u00f3rdoba.&nbsp;<\/p>\n\n\n\n<p>Y&nbsp; se regula el Ejercicio Profesional del Servicio Social sancionando&nbsp; la Ley provincial 7341.<\/p>\n\n\n\n<p>Comenz\u00e1bamos a dar nuestros primeros pasos como Instituci\u00f3n , matriculando un n\u00famero de casi 400 colegas, organizadas\/os colectivamente&nbsp;<\/p>\n\n\n\n<p>En 1988, aprobamos en Asamblea el Reglamento Interno de las leyes y el C\u00f3digo de \u00c9tica para el ejercicio de la profesi\u00f3n los cuales comienzan a regir por decreto ministerial en 1990.<\/p>\n\n\n\n<p>Con apenas dos a\u00f1os de existencia, y con la&nbsp; meta de continuar jerarquizando&nbsp; nuestra labor, el Colegio tom\u00f3 como desaf\u00edo la organizaci\u00f3n de las XIV Jornadas Nacionales de Trabajo Social en La Falda.<\/p>\n\n\n\n<p>En 1993, habitamos la primera sede propia en la calle Crisol.<\/p>\n\n\n\n<p>En 1995, firmamos junto con la Universidad Nacional de C\u00f3rdoba un convenio para que quienes ten\u00edan t\u00edtulo terciario pudieran acceder al t\u00edtulo de grado universitario.&nbsp;<\/p>\n\n\n\n<p>En 1999, se aprueba en Asamblea el reglamento de Especialidades y al a\u00f1o siguiente ya comenz\u00e1bamos a implementarlas, otorgando una matr\u00edcula que reconoce una posici\u00f3n diferenciada en la formaci\u00f3n y el ejercicio profesional en un campo espec\u00edfico. Hasta mediados de 2025, se entregaron 109 matr\u00edculas de especialista.<\/p>\n\n\n\n<p>En 2002, la Asamblea anual ordinaria reglamenta el funcionamiento de las Delegaciones de R\u00edo Cuarto, Villa Mar\u00eda y San Francisco, las cuales hab\u00edan sido creadas en sucesivas asambleas anteriores. En esta oportunidad, se define la jurisdicci\u00f3n de cada una, su organizaci\u00f3n interna y vinculaci\u00f3n funcional con los \u00f3rganos de gobierno del Colegio de Profesionales.&nbsp;<\/p>\n\n\n\n<p>En 2005, nos mudamos a nuestra sede actual en Jujuy 330, ciudad de C\u00f3rdoba.<\/p>\n\n\n\n<p>En 2007, aprobamos un nuevo c\u00f3digo de \u00e9tica actualizando nuestro ejercicio profesional.&nbsp;<\/p>\n\n\n\n<p>En el a\u00f1o 2009, redefinimos las matr\u00edculas profesionales de acuerdo a la formaci\u00f3n y alcances de los t\u00edtulos, lo resuelto se efectiviza a partir del 2013<\/p>\n\n\n\n<p>En 2015, tras la sanci\u00f3n de la Ley Federal de Trabajo Social , el Colegio elabora una propuesta para que la provincia adhiera a la normativa,comenzando un camino de revisi\u00f3n, actualizaci\u00f3n y modificaci\u00f3n de la normativa profesional que hoy estamos cerrando.&nbsp;<\/p>\n\n\n\n<p>Estos son algunos de los hitos que marcaron nuestra historia. Hoy, en el a\u00f1o 2025, el Colegio cuenta con 4642 matr\u00edculas otorgadas, distribuidas en todo el territorio provincial, \u00abde las cuales 3445 est\u00e1n activas.<\/p>\n\n\n\n<p>Con el objetivo de ser un andamio para la profesi\u00f3n, impulsamos la inserci\u00f3n laboral de colegas en diferentes espacios socio-ocupacionales, a partir del desarrollo de diversas estrategias\u00bb, una fue celebrando convenios.<\/p>\n\n\n\n<p>Estuvimos presentes en los momentos m\u00e1s dif\u00edciles,&nbsp; en momentos de tragedias y cat\u00e1strofes,como incendios, inundaciones , as\u00ed como durante la pandemia. El acompa\u00f1amiento y el compromiso fueron esenciales,&nbsp; aportando protocolos de intervenci\u00f3n, contenci\u00f3n profesional y asistencia durante estos tiempos , facilitando incluso la vacunaci\u00f3n de los matriculados.<\/p>\n\n\n\n<p>Hoy celebramos 40 a\u00f1os de construcci\u00f3n colectiva. Esto no es un punto de llegada, sino un nuevo impulso para seguir proyectando.<\/p>\n\n\n\n<p>Para seguir trabajando por un Colegio activo, participativo, presente y comprometido con la jerarquizaci\u00f3n del trabajo social.<\/p>\n\n\n\n<p><strong>40 a\u00f1os. Una historia viva que seguimos escribiendo entre todas y todos.<\/strong><\/p>\n","protected":false},"excerpt":{"rendered":"<p>Fuimos testigos y protagonistas de profundas transformaciones. El Colegio acompa\u00f1\u00f3 grandes cambios de paradigma en pol\u00edticas p\u00fablicas y pr\u00e1cticas profesionales.<\/p>\n","protected":false},"author":1,"featured_media":11334,"comment_status":"open","ping_status":"open","sticky":false,"template":"","format":"standard","meta":{"footnotes":""},"categories":[184],"tags":[],"_links":{"self":[{"href":"https:\/\/cpsscba.org\/confluenciasvirtual\/index.php?rest_route=\/wp\/v2\/posts\/11333"}],"collection":[{"href":"https:\/\/cpsscba.org\/confluenciasvirtual\/index.php?rest_route=\/wp\/v2\/posts"}],"about":[{"href":"https:\/\/cpsscba.org\/confluenciasvirtual\/index.php?rest_route=\/wp\/v2\/types\/post"}],"author":[{"embeddable":true,"href":"https:\/\/cpsscba.org\/confluenciasvirtual\/index.php?rest_route=\/wp\/v2\/users\/1"}],"replies":[{"embeddable":true,"href":"https:\/\/cpsscba.org\/confluenciasvirtual\/index.php?rest_route=%2Fwp%2Fv2%2Fcomments&post=11333"}],"version-history":[{"count":3,"href":"https:\/\/cpsscba.org\/confluenciasvirtual\/index.php?rest_route=\/wp\/v2\/posts\/11333\/revisions"}],"predecessor-version":[{"id":11337,"href":"https:\/\/cpsscba.org\/confluenciasvirtual\/index.php?rest_route=\/wp\/v2\/posts\/11333\/revisions\/11337"}],"wp:featuredmedia":[{"embeddable":true,"href":"https:\/\/cpsscba.org\/confluenciasvirtual\/index.php?rest_route=\/wp\/v2\/media\/11334"}],"wp:attachment":[{"href":"https:\/\/cpsscba.org\/confluenciasvirtual\/index.php?rest_route=%2Fwp%2Fv2%2Fmedia&parent=11333"}],"wp:term":[{"taxonomy":"category","embeddable":true,"href":"https:\/\/cpsscba.org\/confluenciasvirtual\/index.php?rest_route=%2Fwp%2Fv2%2Fcategories&post=11333"},{"taxonomy":"post_tag","embeddable":true,"href":"https:\/\/cpsscba.org\/confluenciasvirtual\/index.php?rest_route=%2Fwp%2Fv2%2Ftags&post=11333"}],"curies":[{"name":"wp","href":"https:\/\/api.w.org\/{rel}","templated":true}]}}