{"id":10916,"date":"2024-12-22T09:19:30","date_gmt":"2024-12-22T12:19:30","guid":{"rendered":"https:\/\/cpsscba.org\/confluenciasvirtual\/?p=10916"},"modified":"2024-12-23T09:22:47","modified_gmt":"2024-12-23T12:22:47","slug":"una-decada-de-compromiso-social-celebracion-por-los-10-anos-de-la-reapertura-de-trabajo-social-en-la-unrc","status":"publish","type":"post","link":"https:\/\/cpsscba.org\/confluenciasvirtual\/?p=10916","title":{"rendered":"Una d\u00e9cada de compromiso social: Celebraci\u00f3n por los 10 a\u00f1os de la reapertura de Trabajo Social en la UNRC"},"content":{"rendered":"\n<p>El pasado viernes 13 de diciembre, la comunidad de la Licenciatura en Trabajo Social de la UNRC celebr\u00f3 el cierre de las actividades conmemorativas por los 10 a\u00f1os de la reapertura de la carrera. El evento se convirti\u00f3 en un espacio de encuentro y reconocimiento a la trayectoria de esta importante propuesta acad\u00e9mica.\u00a0<\/p>\n\n\n\n<!--more-->\n\n\n\n<p>Tras las palabras de apertura, se dio paso a un panel integrado por profesionales que formaron parte del proyecto que posibilit\u00f3 la puesta en marcha de la licenciatura, junto a un estudiante de la primera cohorte (actual egresade\u00a0colega Franco Ort\u00edz). Este espacio permiti\u00f3 rememorar los inicios y los desaf\u00edos superados para concretar la reapertura de la carrera.<\/p>\n\n\n\n<p>El encuentro cont\u00f3 con una amplia participaci\u00f3n de diversos actores. Se hicieron presentes colegas del Colegio de Profesionales en Servicio Social de la Provincia de C\u00f3rdoba (Andrea S\u00e1nchez Boni -delegada por R\u00edo Cuarto-,\u00a0Carolina C\u00e1ceres -Revisora de cuentas del CPSSPC-,\u00a0Cecilia Tosto -vocal del Consejo Directivo del CPSSPC- y Claudio Barbero -vicepresidente del CPSSPC). Tambi\u00e9n participaron estudiantes, docentes, autoridades de la Facultad de Ciencias Humanas de la UNRC, la vicerrectora de la UNRC, Nora Bianconi y representantes de organizaciones con las que la carrera mantiene v\u00ednculos de trabajo.<\/p>\n\n\n\n<p>Un momento especialmente emotivo fue la presencia de colegas que hab\u00edan sido estudiantes y docentes de la carrera antes de su cierre. Su presencia simboliz\u00f3 la continuidad de un compromiso con el trabajo social y el fortalecimiento de la formaci\u00f3n profesional en la regi\u00f3n.<\/p>\n","protected":false},"excerpt":{"rendered":"<p>El pasado viernes 13 de diciembre, la comunidad de la Licenciatura en Trabajo Social de la UNRC celebr\u00f3 el cierre<\/p>\n","protected":false},"author":1,"featured_media":10917,"comment_status":"open","ping_status":"open","sticky":false,"template":"","format":"standard","meta":{"footnotes":""},"categories":[14,20],"tags":[],"_links":{"self":[{"href":"https:\/\/cpsscba.org\/confluenciasvirtual\/index.php?rest_route=\/wp\/v2\/posts\/10916"}],"collection":[{"href":"https:\/\/cpsscba.org\/confluenciasvirtual\/index.php?rest_route=\/wp\/v2\/posts"}],"about":[{"href":"https:\/\/cpsscba.org\/confluenciasvirtual\/index.php?rest_route=\/wp\/v2\/types\/post"}],"author":[{"embeddable":true,"href":"https:\/\/cpsscba.org\/confluenciasvirtual\/index.php?rest_route=\/wp\/v2\/users\/1"}],"replies":[{"embeddable":true,"href":"https:\/\/cpsscba.org\/confluenciasvirtual\/index.php?rest_route=%2Fwp%2Fv2%2Fcomments&post=10916"}],"version-history":[{"count":1,"href":"https:\/\/cpsscba.org\/confluenciasvirtual\/index.php?rest_route=\/wp\/v2\/posts\/10916\/revisions"}],"predecessor-version":[{"id":10918,"href":"https:\/\/cpsscba.org\/confluenciasvirtual\/index.php?rest_route=\/wp\/v2\/posts\/10916\/revisions\/10918"}],"wp:featuredmedia":[{"embeddable":true,"href":"https:\/\/cpsscba.org\/confluenciasvirtual\/index.php?rest_route=\/wp\/v2\/media\/10917"}],"wp:attachment":[{"href":"https:\/\/cpsscba.org\/confluenciasvirtual\/index.php?rest_route=%2Fwp%2Fv2%2Fmedia&parent=10916"}],"wp:term":[{"taxonomy":"category","embeddable":true,"href":"https:\/\/cpsscba.org\/confluenciasvirtual\/index.php?rest_route=%2Fwp%2Fv2%2Fcategories&post=10916"},{"taxonomy":"post_tag","embeddable":true,"href":"https:\/\/cpsscba.org\/confluenciasvirtual\/index.php?rest_route=%2Fwp%2Fv2%2Ftags&post=10916"}],"curies":[{"name":"wp","href":"https:\/\/api.w.org\/{rel}","templated":true}]}}