{"id":10903,"date":"2024-12-07T10:14:18","date_gmt":"2024-12-07T13:14:18","guid":{"rendered":"https:\/\/cpsscba.org\/confluenciasvirtual\/?p=10903"},"modified":"2024-12-16T10:16:04","modified_gmt":"2024-12-16T13:16:04","slug":"a-10-anos-de-la-ley-federal-de-ts-trabajo-social-y-derechos-humanos-memorias-y-desafios-del-presente","status":"publish","type":"post","link":"https:\/\/cpsscba.org\/confluenciasvirtual\/?p=10903","title":{"rendered":"A 10 a\u00f1os de la Ley Federal de TS | Trabajo social y derechos humanos: memorias y desaf\u00edos del presente"},"content":{"rendered":"\n<p><strong><em>Hacia los 100 a\u00f1os de Trabajo Social Latinoamericano y los 40 a\u00f1os de colegiaci\u00f3n de nuestra profesi\u00f3n en la Provincia de C\u00f3rdoba<\/em><\/strong><\/p>\n\n\n\n<!--more-->\n\n\n\n<p>Hace 10 a\u00f1os celebramos la sanci\u00f3n de la Ley Federal de Trabajo Social 27.072, una conquista del colectivo profesional que al tiempo que nombraba mucho de lo caminado y construido, trazaba un rumbo claro para el ejercicio, la\u00a0<em>\u201cvigencia, defensa y reivindicaci\u00f3n de los derechos humanos, la construcci\u00f3n de ciudadan\u00eda y la democratizaci\u00f3n de las relaciones sociales\u201d,.\u00a0<\/em>Tambi\u00e9n, estamos en las v\u00edsperas de que nuestro colegio de profesionales cumpla 40 a\u00f1os de su fundaci\u00f3n y a 100 a\u00f1os de la creaci\u00f3n de la primera Escuela de Servicio Social en Am\u00e9rica Latina. Todas estas fechas aguijonean las memorias y nos comprometen a recuperar en ellas las fuerzas para seguir construyendo horizontes, en un tiempo turbulento y devastador.<\/p>\n\n\n\n<figure class=\"wp-block-image size-large\"><a href=\"https:\/\/cpsscba.org\/confluenciasvirtual\/wp-content\/uploads\/2024\/12\/469384866_1031768252326703_6876339799420302478_n.jpg\"><img loading=\"lazy\" decoding=\"async\" width=\"1024\" height=\"1024\" src=\"https:\/\/cpsscba.org\/confluenciasvirtual\/wp-content\/uploads\/2024\/12\/469384866_1031768252326703_6876339799420302478_n-1024x1024.jpg\" alt=\"\" class=\"wp-image-10904\" srcset=\"https:\/\/cpsscba.org\/confluenciasvirtual\/wp-content\/uploads\/2024\/12\/469384866_1031768252326703_6876339799420302478_n-1024x1024.jpg 1024w, https:\/\/cpsscba.org\/confluenciasvirtual\/wp-content\/uploads\/2024\/12\/469384866_1031768252326703_6876339799420302478_n-300x300.jpg 300w, https:\/\/cpsscba.org\/confluenciasvirtual\/wp-content\/uploads\/2024\/12\/469384866_1031768252326703_6876339799420302478_n-150x150.jpg 150w, https:\/\/cpsscba.org\/confluenciasvirtual\/wp-content\/uploads\/2024\/12\/469384866_1031768252326703_6876339799420302478_n-768x768.jpg 768w, https:\/\/cpsscba.org\/confluenciasvirtual\/wp-content\/uploads\/2024\/12\/469384866_1031768252326703_6876339799420302478_n.jpg 1080w\" sizes=\"(max-width: 1024px) 100vw, 1024px\" \/><\/a><\/figure>\n\n\n\n<p>Nuestra formaci\u00f3n y ejercicio profesional supieron hacer trama con las luchas en el reconocimiento y ampliaci\u00f3n de derechos, la b\u00fasqueda de libertades y los procesos emancipatorios, y aunque ese andar no ha sido llano ni libre de tensiones y contradicciones, hoy invitamos a \u201ctirar del hilo\u201d que en esas memorias nos permite comprender e impugnar el despojo sistem\u00e1tico actual.&nbsp; Despojo que empobrece y subordina a millones de argentinas\/os y jaquea las condiciones del ejercicio profesional. Este tiempo nos duele, pero sabemos que en el haz de luz que abren los Derechos Humanos, y tambi\u00e9n los saberes ancestrales de nuestros pueblos en el buen vivir, y al cobijo del sentipensar colectivo, lograremos estar del lado de la dignidad humana.<\/p>\n\n\n\n<blockquote class=\"wp-block-quote\">\n<p><strong>Momentos de la Jornada<\/strong><\/p>\n\n\n\n<ul>\n<li>17:00 hs Entrega de certificados y matr\u00edculas de Especialistas<\/li>\n\n\n\n<li>17:30 hs Ronda de conversaciones con la Magister Graciela Fredianelli y la Licenciada Carolina Allende.<\/li>\n\n\n\n<li>19:00 hs Intervenci\u00f3n&nbsp;<em>Pa\u00f1uelos para nuestras memorias:<\/em>&nbsp;A cargo del Centro de Estudiantes de Ciencias Sociales<\/li>\n<\/ul>\n\n\n\n<p><strong>Fecha:<\/strong>&nbsp;10 de diciembre de 2024, a las 17:00 hs<\/p>\n\n\n\n<p><strong>Lugar:<\/strong>&nbsp;Aula 1 &#8211; Paola Sosa, Facultad de Ciencias Sociales.<\/p>\n<\/blockquote>\n\n\n\n<p><strong>Organizan:<\/strong>&nbsp;Direcci\u00f3n de Carrera de la Licenciatura en Trabajo Social- Facultad de Ciencias Sociales &#8211; UNC. Colegio de Profesionales de Servicio Social de C\u00f3rdoba.<\/p>\n\n\n\n<p><strong>Acompa\u00f1a<\/strong>: Direcci\u00f3n de Graduades y&nbsp;Centro de Estudiantes de la Facultad de Ciencias Sociales<\/p>\n","protected":false},"excerpt":{"rendered":"<p>Hacia los 100 a\u00f1os de Trabajo Social Latinoamericano y los 40 a\u00f1os de colegiaci\u00f3n de nuestra profesi\u00f3n en la Provincia<\/p>\n","protected":false},"author":1,"featured_media":10904,"comment_status":"open","ping_status":"open","sticky":false,"template":"","format":"standard","meta":{"footnotes":""},"categories":[14],"tags":[],"_links":{"self":[{"href":"https:\/\/cpsscba.org\/confluenciasvirtual\/index.php?rest_route=\/wp\/v2\/posts\/10903"}],"collection":[{"href":"https:\/\/cpsscba.org\/confluenciasvirtual\/index.php?rest_route=\/wp\/v2\/posts"}],"about":[{"href":"https:\/\/cpsscba.org\/confluenciasvirtual\/index.php?rest_route=\/wp\/v2\/types\/post"}],"author":[{"embeddable":true,"href":"https:\/\/cpsscba.org\/confluenciasvirtual\/index.php?rest_route=\/wp\/v2\/users\/1"}],"replies":[{"embeddable":true,"href":"https:\/\/cpsscba.org\/confluenciasvirtual\/index.php?rest_route=%2Fwp%2Fv2%2Fcomments&post=10903"}],"version-history":[{"count":1,"href":"https:\/\/cpsscba.org\/confluenciasvirtual\/index.php?rest_route=\/wp\/v2\/posts\/10903\/revisions"}],"predecessor-version":[{"id":10905,"href":"https:\/\/cpsscba.org\/confluenciasvirtual\/index.php?rest_route=\/wp\/v2\/posts\/10903\/revisions\/10905"}],"wp:featuredmedia":[{"embeddable":true,"href":"https:\/\/cpsscba.org\/confluenciasvirtual\/index.php?rest_route=\/wp\/v2\/media\/10904"}],"wp:attachment":[{"href":"https:\/\/cpsscba.org\/confluenciasvirtual\/index.php?rest_route=%2Fwp%2Fv2%2Fmedia&parent=10903"}],"wp:term":[{"taxonomy":"category","embeddable":true,"href":"https:\/\/cpsscba.org\/confluenciasvirtual\/index.php?rest_route=%2Fwp%2Fv2%2Fcategories&post=10903"},{"taxonomy":"post_tag","embeddable":true,"href":"https:\/\/cpsscba.org\/confluenciasvirtual\/index.php?rest_route=%2Fwp%2Fv2%2Ftags&post=10903"}],"curies":[{"name":"wp","href":"https:\/\/api.w.org\/{rel}","templated":true}]}}