{"id":10815,"date":"2024-11-06T22:00:47","date_gmt":"2024-11-07T01:00:47","guid":{"rendered":"https:\/\/cpsscba.org\/confluenciasvirtual\/?p=10815"},"modified":"2024-11-06T22:01:56","modified_gmt":"2024-11-07T01:01:56","slug":"concurso-de-trabajador-a-social-en-el-poder-judicial-de-la-provincia-de-cordoba","status":"publish","type":"post","link":"https:\/\/cpsscba.org\/confluenciasvirtual\/?p=10815","title":{"rendered":"Concurso de Trabajador\/a Social en el Poder Judicial de la Provincia de C\u00f3rdoba"},"content":{"rendered":"\n<p><strong>Charla informativa (27 de noviembre)<\/strong><\/p>\n\n\n\n<p>La Direcci\u00f3n de Graduades de la FCS y el Colegio de Profesionales en Servicio Social de la Provincia de C\u00f3rdoba invitan a la Charla informativa sobre el Concurso de Meritorios definitivos, interinos, suplentes o contratados para cumplir funciones como Trabajador\/a Social en las distintas dependencias del \u00c1rea de Servicios Judiciales y del Ministerio P\u00fablico Fiscal, de capital y del interior de la Provincia (de Primera a D\u00e9cima Circunscripci\u00f3n).<\/p>\n\n\n\n<p>La actividad contar\u00e1 con la participaci\u00f3n de trabajadores\/as sociales que actualmente se desempe\u00f1an en el Poder Judicial de C\u00f3rdoba.<\/p>\n\n\n\n<p><strong>Se trabajar\u00e1 sobre:<\/strong><\/p>\n\n\n\n<ul>\n<li>Preparaci\u00f3n para rendir el examen, dudas y consultas sobre material bibliogr\u00e1fico y modalidad de examen.<\/li>\n\n\n\n<li>Rol del trabajo social en las distintas dependencias del Poder Judicial de C\u00f3rdoba, tanto de capital como del interior.<\/li>\n<\/ul>\n\n\n\n<p><strong>Fecha y hora:<\/strong> Mi\u00e9rcoles 27\/11 a las 18.30 hs en la Sede de la Facultad de Ciencias Sociales (quienes no residan en la ciudad de C\u00f3rdoba podr\u00e1n participar de manera virtual).<\/p>\n\n\n\n<p>Destinataries: Licenciades en Trabajo Social inscriptes en el concurso.<\/p>\n\n\n\n<p><strong>Formulario de inscripci\u00f3n<\/strong>: <a href=\"https:\/\/docs.google.com\/forms\/d\/1U1ijG43jOo48BHqAuGrq7E_A5doGzDyBU1J9sLqYW38\/viewform?edit_requested=true\">https:\/\/docs.google.com\/forms\/d\/1U1ijG43jOo48BHqAuGrq7E_A5doGzDyBU1J9sLqYW38\/viewform?edit_requested=true<\/a><\/p>\n\n\n\n<p><strong>M\u00e1s info o consultas:<\/strong> <a href=\"mailto:graduados@fcs.unc.edu.ar\">graduados@fcs.unc.edu.ar<\/a><\/p>\n\n\n\n<figure class=\"wp-block-image size-large\"><a href=\"https:\/\/cpsscba.org\/confluenciasvirtual\/wp-content\/uploads\/2024\/11\/meritorios.jpeg\"><img loading=\"lazy\" decoding=\"async\" width=\"1024\" height=\"1024\" src=\"https:\/\/cpsscba.org\/confluenciasvirtual\/wp-content\/uploads\/2024\/11\/meritorios-1024x1024.jpeg\" alt=\"\" class=\"wp-image-10816\" srcset=\"https:\/\/cpsscba.org\/confluenciasvirtual\/wp-content\/uploads\/2024\/11\/meritorios-1024x1024.jpeg 1024w, https:\/\/cpsscba.org\/confluenciasvirtual\/wp-content\/uploads\/2024\/11\/meritorios-300x300.jpeg 300w, https:\/\/cpsscba.org\/confluenciasvirtual\/wp-content\/uploads\/2024\/11\/meritorios-150x150.jpeg 150w, https:\/\/cpsscba.org\/confluenciasvirtual\/wp-content\/uploads\/2024\/11\/meritorios-768x768.jpeg 768w, https:\/\/cpsscba.org\/confluenciasvirtual\/wp-content\/uploads\/2024\/11\/meritorios.jpeg 1280w\" sizes=\"(max-width: 1024px) 100vw, 1024px\" \/><\/a><\/figure>\n","protected":false},"excerpt":{"rendered":"<p>Charla informativa (27 de noviembre) La Direcci\u00f3n de Graduades de la FCS y el Colegio de Profesionales en Servicio Social<\/p>\n","protected":false},"author":1,"featured_media":10817,"comment_status":"open","ping_status":"open","sticky":false,"template":"","format":"standard","meta":{"footnotes":""},"categories":[14],"tags":[],"_links":{"self":[{"href":"https:\/\/cpsscba.org\/confluenciasvirtual\/index.php?rest_route=\/wp\/v2\/posts\/10815"}],"collection":[{"href":"https:\/\/cpsscba.org\/confluenciasvirtual\/index.php?rest_route=\/wp\/v2\/posts"}],"about":[{"href":"https:\/\/cpsscba.org\/confluenciasvirtual\/index.php?rest_route=\/wp\/v2\/types\/post"}],"author":[{"embeddable":true,"href":"https:\/\/cpsscba.org\/confluenciasvirtual\/index.php?rest_route=\/wp\/v2\/users\/1"}],"replies":[{"embeddable":true,"href":"https:\/\/cpsscba.org\/confluenciasvirtual\/index.php?rest_route=%2Fwp%2Fv2%2Fcomments&post=10815"}],"version-history":[{"count":2,"href":"https:\/\/cpsscba.org\/confluenciasvirtual\/index.php?rest_route=\/wp\/v2\/posts\/10815\/revisions"}],"predecessor-version":[{"id":10819,"href":"https:\/\/cpsscba.org\/confluenciasvirtual\/index.php?rest_route=\/wp\/v2\/posts\/10815\/revisions\/10819"}],"wp:featuredmedia":[{"embeddable":true,"href":"https:\/\/cpsscba.org\/confluenciasvirtual\/index.php?rest_route=\/wp\/v2\/media\/10817"}],"wp:attachment":[{"href":"https:\/\/cpsscba.org\/confluenciasvirtual\/index.php?rest_route=%2Fwp%2Fv2%2Fmedia&parent=10815"}],"wp:term":[{"taxonomy":"category","embeddable":true,"href":"https:\/\/cpsscba.org\/confluenciasvirtual\/index.php?rest_route=%2Fwp%2Fv2%2Fcategories&post=10815"},{"taxonomy":"post_tag","embeddable":true,"href":"https:\/\/cpsscba.org\/confluenciasvirtual\/index.php?rest_route=%2Fwp%2Fv2%2Ftags&post=10815"}],"curies":[{"name":"wp","href":"https:\/\/api.w.org\/{rel}","templated":true}]}}