{"id":10787,"date":"2024-10-21T22:30:25","date_gmt":"2024-10-22T01:30:25","guid":{"rendered":"https:\/\/cpsscba.org\/confluenciasvirtual\/?p=10787"},"modified":"2024-10-21T22:45:08","modified_gmt":"2024-10-22T01:45:08","slug":"cpsspc-en-punilla-fortaleciendo-redes-y-visibilizando-el-trabajo-social","status":"publish","type":"post","link":"https:\/\/cpsscba.org\/confluenciasvirtual\/?p=10787","title":{"rendered":"CPSSPC en Punilla: Fortaleciendo redes y visibilizando el trabajo social"},"content":{"rendered":"\n<p>?? El s\u00e1bado 19 de octubre, autoridades del #CPSSPC participaron de un encuentro con matriculadas de la subsede Punilla.<\/p>\n\n\n\n<p>? En el mismo, las delegadas compartieron un recursero regional que permite identificar lugares, servicios y programas en los cuales se desempe\u00f1an profesionales de Trabajo Social en el Departamento #Punilla, como as\u00ed tambi\u00e9n propuestas para abordar desde el Colegio de Profesionales.<\/p>\n\n\n\n<p>? Tambi\u00e9n se trabaj\u00f3 en torno a la importancia de fortalecer el colectivo profesional, asumiendo lugares de protagonismo y representaci\u00f3n institucional, y construyendo estrategias de jerarquizaci\u00f3n profesional.<\/p>\n\n\n\n<figure class=\"wp-block-image size-large\"><a href=\"https:\/\/cpsscba.org\/confluenciasvirtual\/wp-content\/uploads\/2024\/10\/Ronda.jpeg\"><img loading=\"lazy\" decoding=\"async\" width=\"1024\" height=\"576\" src=\"https:\/\/cpsscba.org\/confluenciasvirtual\/wp-content\/uploads\/2024\/10\/Ronda-1024x576.jpeg\" alt=\"\" class=\"wp-image-10789\" srcset=\"https:\/\/cpsscba.org\/confluenciasvirtual\/wp-content\/uploads\/2024\/10\/Ronda-1024x576.jpeg 1024w, https:\/\/cpsscba.org\/confluenciasvirtual\/wp-content\/uploads\/2024\/10\/Ronda-300x169.jpeg 300w, https:\/\/cpsscba.org\/confluenciasvirtual\/wp-content\/uploads\/2024\/10\/Ronda-768x432.jpeg 768w, https:\/\/cpsscba.org\/confluenciasvirtual\/wp-content\/uploads\/2024\/10\/Ronda.jpeg 1280w\" sizes=\"(max-width: 1024px) 100vw, 1024px\" \/><\/a><\/figure>\n","protected":false},"excerpt":{"rendered":"<p>?? El s\u00e1bado 19 de octubre, autoridades del #CPSSPC participaron de un encuentro con matriculadas de la subsede Punilla. ?<\/p>\n","protected":false},"author":1,"featured_media":10788,"comment_status":"open","ping_status":"open","sticky":false,"template":"","format":"standard","meta":{"footnotes":""},"categories":[14,74],"tags":[],"_links":{"self":[{"href":"https:\/\/cpsscba.org\/confluenciasvirtual\/index.php?rest_route=\/wp\/v2\/posts\/10787"}],"collection":[{"href":"https:\/\/cpsscba.org\/confluenciasvirtual\/index.php?rest_route=\/wp\/v2\/posts"}],"about":[{"href":"https:\/\/cpsscba.org\/confluenciasvirtual\/index.php?rest_route=\/wp\/v2\/types\/post"}],"author":[{"embeddable":true,"href":"https:\/\/cpsscba.org\/confluenciasvirtual\/index.php?rest_route=\/wp\/v2\/users\/1"}],"replies":[{"embeddable":true,"href":"https:\/\/cpsscba.org\/confluenciasvirtual\/index.php?rest_route=%2Fwp%2Fv2%2Fcomments&post=10787"}],"version-history":[{"count":1,"href":"https:\/\/cpsscba.org\/confluenciasvirtual\/index.php?rest_route=\/wp\/v2\/posts\/10787\/revisions"}],"predecessor-version":[{"id":10790,"href":"https:\/\/cpsscba.org\/confluenciasvirtual\/index.php?rest_route=\/wp\/v2\/posts\/10787\/revisions\/10790"}],"wp:featuredmedia":[{"embeddable":true,"href":"https:\/\/cpsscba.org\/confluenciasvirtual\/index.php?rest_route=\/wp\/v2\/media\/10788"}],"wp:attachment":[{"href":"https:\/\/cpsscba.org\/confluenciasvirtual\/index.php?rest_route=%2Fwp%2Fv2%2Fmedia&parent=10787"}],"wp:term":[{"taxonomy":"category","embeddable":true,"href":"https:\/\/cpsscba.org\/confluenciasvirtual\/index.php?rest_route=%2Fwp%2Fv2%2Fcategories&post=10787"},{"taxonomy":"post_tag","embeddable":true,"href":"https:\/\/cpsscba.org\/confluenciasvirtual\/index.php?rest_route=%2Fwp%2Fv2%2Ftags&post=10787"}],"curies":[{"name":"wp","href":"https:\/\/api.w.org\/{rel}","templated":true}]}}