{"id":10661,"date":"2024-08-30T20:19:40","date_gmt":"2024-08-30T23:19:40","guid":{"rendered":"https:\/\/cpsscba.org\/confluenciasvirtual\/?p=10661"},"modified":"2024-08-31T20:22:22","modified_gmt":"2024-08-31T23:22:22","slug":"ronda-numero-23-de-los-miercoles-en-la-plaza-san-martin","status":"publish","type":"post","link":"https:\/\/cpsscba.org\/confluenciasvirtual\/?p=10661","title":{"rendered":"Ronda n\u00famero 23 de los mi\u00e9rcoles en la plaza San Mart\u00edn"},"content":{"rendered":"\n<p>El 28 de agosto pasado, trabajadorxs Sociales jubilades (provinciales y nacionales) y activxs estuvimos presente, como todos los mi\u00e9rcoles en la Plaza San Martin. En esa oportunidad la convocatoria fue diferente: todes vestidxs de negro, y cada une con un estandarte con una foto de aquellos legisladores que aprobaron la ley 10640: Los traidores.<\/p>\n\n\n\n<!--more-->\n\n\n\n<figure class=\"wp-block-image size-large\"><a href=\"https:\/\/cpsscba.org\/confluenciasvirtual\/wp-content\/uploads\/2024\/08\/457611673_26806270795653294_2981544049792899571_n-1.jpg\"><img loading=\"lazy\" decoding=\"async\" width=\"1024\" height=\"1024\" src=\"https:\/\/cpsscba.org\/confluenciasvirtual\/wp-content\/uploads\/2024\/08\/457611673_26806270795653294_2981544049792899571_n-1-1024x1024.jpg\" alt=\"\" class=\"wp-image-10663\" srcset=\"https:\/\/cpsscba.org\/confluenciasvirtual\/wp-content\/uploads\/2024\/08\/457611673_26806270795653294_2981544049792899571_n-1-1024x1024.jpg 1024w, https:\/\/cpsscba.org\/confluenciasvirtual\/wp-content\/uploads\/2024\/08\/457611673_26806270795653294_2981544049792899571_n-1-300x300.jpg 300w, https:\/\/cpsscba.org\/confluenciasvirtual\/wp-content\/uploads\/2024\/08\/457611673_26806270795653294_2981544049792899571_n-1-150x150.jpg 150w, https:\/\/cpsscba.org\/confluenciasvirtual\/wp-content\/uploads\/2024\/08\/457611673_26806270795653294_2981544049792899571_n-1-768x768.jpg 768w, https:\/\/cpsscba.org\/confluenciasvirtual\/wp-content\/uploads\/2024\/08\/457611673_26806270795653294_2981544049792899571_n-1.jpg 1080w\" sizes=\"(max-width: 1024px) 100vw, 1024px\" \/><\/a><\/figure>\n\n\n\n<p>La ronda incluy\u00f3 las siguientes acciones de repudio:<\/p>\n\n\n\n<p>1) <a><\/a>Cantamos con integrantes de contraarte, repudiando a los legisladores.<\/p>\n\n\n\n<p>2) Rodeamos el monumento de San Mart\u00edn con los estandartes.<\/p>\n\n\n\n<p>3) Cortamos la calle donde se encuentra la Caja de Jubilaciones de la Provincia de C\u00f3rdoba, exigiendo la apertura inmediata de la misma.<\/p>\n\n\n\n<p>Insistir, persistir, resistir y nunca desistir.<\/p>\n\n\n\n<p>Comisi\u00f3n de Jubilades del <a href=\"https:\/\/www.facebook.com\/hashtag\/cpsspc?__eep__=6&amp;__cft__[0]=AZV_XVyiMsqECSlv_nM46cL1LGqimfatHv4PocNkUET0l0bRuamEcwKEWfc8Bnwms_64K9uBdHh1PjcDe8qPVFOuF5QpUwViK862sr0dMpmJMjszWqAMwDIFNXsgsNmGJ8uYOZR-DxCC2aNyMfepaSX27PDoY5Im-IjFZ-wYVryHHRm20zgOVbfvR1LyeYyF8HmNMbjjrSUDBtEPszUKw-Yg&amp;__tn__=*NK-R\">#CPSSPC<\/a>.<\/p>\n\n\n\n<p><a href=\"https:\/\/www.facebook.com\/hashtag\/experienciascolectivas?__eep__=6&amp;__cft__[0]=AZV_XVyiMsqECSlv_nM46cL1LGqimfatHv4PocNkUET0l0bRuamEcwKEWfc8Bnwms_64K9uBdHh1PjcDe8qPVFOuF5QpUwViK862sr0dMpmJMjszWqAMwDIFNXsgsNmGJ8uYOZR-DxCC2aNyMfepaSX27PDoY5Im-IjFZ-wYVryHHRm20zgOVbfvR1LyeYyF8HmNMbjjrSUDBtEPszUKw-Yg&amp;__tn__=*NK-R\">#ExperienciasColectivas<\/a><a href=\"https:\/\/www.facebook.com\/hashtag\/coyuntura?__eep__=6&amp;__cft__[0]=AZV_XVyiMsqECSlv_nM46cL1LGqimfatHv4PocNkUET0l0bRuamEcwKEWfc8Bnwms_64K9uBdHh1PjcDe8qPVFOuF5QpUwViK862sr0dMpmJMjszWqAMwDIFNXsgsNmGJ8uYOZR-DxCC2aNyMfepaSX27PDoY5Im-IjFZ-wYVryHHRm20zgOVbfvR1LyeYyF8HmNMbjjrSUDBtEPszUKw-Yg&amp;__tn__=*NK-R\">#Coyuntura<\/a><\/p>\n","protected":false},"excerpt":{"rendered":"<p>El 28 de agosto pasado, trabajadorxs Sociales jubilades (provinciales y nacionales) y activxs estuvimos presente, como todos los mi\u00e9rcoles en<\/p>\n","protected":false},"author":1,"featured_media":10662,"comment_status":"open","ping_status":"open","sticky":false,"template":"","format":"standard","meta":{"footnotes":""},"categories":[151,14],"tags":[],"_links":{"self":[{"href":"https:\/\/cpsscba.org\/confluenciasvirtual\/index.php?rest_route=\/wp\/v2\/posts\/10661"}],"collection":[{"href":"https:\/\/cpsscba.org\/confluenciasvirtual\/index.php?rest_route=\/wp\/v2\/posts"}],"about":[{"href":"https:\/\/cpsscba.org\/confluenciasvirtual\/index.php?rest_route=\/wp\/v2\/types\/post"}],"author":[{"embeddable":true,"href":"https:\/\/cpsscba.org\/confluenciasvirtual\/index.php?rest_route=\/wp\/v2\/users\/1"}],"replies":[{"embeddable":true,"href":"https:\/\/cpsscba.org\/confluenciasvirtual\/index.php?rest_route=%2Fwp%2Fv2%2Fcomments&post=10661"}],"version-history":[{"count":1,"href":"https:\/\/cpsscba.org\/confluenciasvirtual\/index.php?rest_route=\/wp\/v2\/posts\/10661\/revisions"}],"predecessor-version":[{"id":10664,"href":"https:\/\/cpsscba.org\/confluenciasvirtual\/index.php?rest_route=\/wp\/v2\/posts\/10661\/revisions\/10664"}],"wp:featuredmedia":[{"embeddable":true,"href":"https:\/\/cpsscba.org\/confluenciasvirtual\/index.php?rest_route=\/wp\/v2\/media\/10662"}],"wp:attachment":[{"href":"https:\/\/cpsscba.org\/confluenciasvirtual\/index.php?rest_route=%2Fwp%2Fv2%2Fmedia&parent=10661"}],"wp:term":[{"taxonomy":"category","embeddable":true,"href":"https:\/\/cpsscba.org\/confluenciasvirtual\/index.php?rest_route=%2Fwp%2Fv2%2Fcategories&post=10661"},{"taxonomy":"post_tag","embeddable":true,"href":"https:\/\/cpsscba.org\/confluenciasvirtual\/index.php?rest_route=%2Fwp%2Fv2%2Ftags&post=10661"}],"curies":[{"name":"wp","href":"https:\/\/api.w.org\/{rel}","templated":true}]}}