{"id":10535,"date":"2024-07-10T16:00:51","date_gmt":"2024-07-10T19:00:51","guid":{"rendered":"https:\/\/cpsscba.org\/confluenciasvirtual\/?p=10535"},"modified":"2024-08-27T21:21:59","modified_gmt":"2024-08-28T00:21:59","slug":"eximicion-del-pago-de-la-matricula-a-profesionales-matriculades-despedides","status":"publish","type":"post","link":"https:\/\/cpsscba.org\/confluenciasvirtual\/?p=10535","title":{"rendered":"Eximici\u00f3n del pago de la matr\u00edcula a profesionales matriculades despedides"},"content":{"rendered":"\n<p><strong>El Colegio de Profesionales en Servicio Social de la Provincia de C\u00f3rdoba (CPSSPC) ha resuelto eximir del pago de la matr\u00edcula profesional hasta el mes de septiembre de 2024 a aquellxs trabajadorxs sociales que hayan sido despedidxs de sus puestos de trabajo en el \u00e1mbito municipal,\u00a0provincial o nacional (Resol CD 273\/24).<\/strong><\/p>\n\n\n\n<!--more-->\n\n\n\n<p>Esta medida se enmarca en el contexto de \u00abrecorte,&nbsp;achicamiento del Estado,&nbsp;desaparici\u00f3n de programas sociales y despidos\u00bb que se viene produciendo en los \u00faltimos meses,&nbsp;y que ha profundizado situaciones de precarizaci\u00f3n laboral que afectan especialmente al colectivo profesional del Trabajo Social.<\/p>\n\n\n\n<p><strong>Un duro golpe al empleo de les trabajadorxs sociales<\/strong><\/p>\n\n\n\n<p>El CPSSPC ha se\u00f1alado que la p\u00e9rdida de fuente laboral y los despidos sin causa se han convertido en una constante en los \u00faltimos meses,&nbsp;lo que ha tenido un impacto significativo en las condiciones de vida de les trabajadorxs.<\/p>\n\n\n\n<p>En este sentido,&nbsp;el Colegio cuenta con el antecedente de haber tomado una decisi\u00f3n similar en el a\u00f1o 2020,&nbsp;en el marco de la crisis sanitaria por la pandemia de COVID-19,&nbsp;oportunidad en la cual se autoriz\u00f3 la eximici\u00f3n del pago de la matr\u00edcula a lxs profesionales que hab\u00edan sido suspendidxs o desvinculadxs de sus trabajos.<\/p>\n\n\n\n<p><strong>La medida busca ofrecer un apoyo concreto a colegas que se encuentran en situaci\u00f3n de despido<\/strong><\/p>\n\n\n\n<p>La eximici\u00f3n del pago de la matr\u00edcula tiene como objetivo atenuar la situaci\u00f3n de matriculades despedides en este contexto y tendr\u00e1 vigencia hasta el mes de septiembre de 2024 (pudiendo prorrogarse por tres meses m\u00e1s, si la situaci\u00f3n no se modifica).<\/p>\n\n\n\n<p><strong>Requisitos para acceder a la eximici\u00f3n<\/strong><\/p>\n\n\n\n<p>Para acceder a la eximici\u00f3n del pago de la matr\u00edcula,&nbsp;lxs trabajadorxs sociales despedidxs deber\u00e1n cumplir los siguientes requisitos:<\/p>\n\n\n\n<ul>\n<li>No registrar deuda anterior al per\u00edodo de eximici\u00f3n.<\/li>\n\n\n\n<li>Haber tenido como \u00fanica fuente de ingreso el trabajo del que fueron desvinculadxs.<\/li>\n\n\n\n<li>Presentar una declaraci\u00f3n jurada y la documentaci\u00f3n que acredite la desvinculaci\u00f3n laboral.<\/li>\n<\/ul>\n\n\n\n<p><strong>Plazo para solicitar la eximici\u00f3n<\/strong><\/p>\n\n\n\n<p>El plazo para solicitar la eximici\u00f3n del pago de la matr\u00edcula (Resol. CD 273\/24) vence el 31 de julio de 2024.&nbsp;Las solicitudes se podr\u00e1n presentar en la sede del CPSSPC o en las delegaciones,&nbsp;de forma presencial o por correo electr\u00f3nico.<\/p>\n\n\n\n<p><strong>#TrabajoSocial #PrecarizacionLaboral #EximicionMatricula #CPSSPC #Cordoba<\/strong><\/p>\n\n\n\n<div data-wp-interactive=\"\" class=\"wp-block-file\"><object data-wp-bind--hidden=\"!selectors.core.file.hasPdfPreview\" hidden class=\"wp-block-file__embed\" data=\"https:\/\/cpsscba.org\/confluenciasvirtual\/wp-content\/uploads\/2024\/07\/RES-273-Eximicion-por-desvinculacion-laboral.pdf\" type=\"application\/pdf\" style=\"width:100%;height:600px\" aria-label=\"Incrustado de RES-273-Eximicion-por-desvinculacion-laboral.\"><\/object><a id=\"wp-block-file--media-abdca079-e293-4dbe-8b44-3dade8988220\" href=\"https:\/\/cpsscba.org\/confluenciasvirtual\/wp-content\/uploads\/2024\/07\/RES-273-Eximicion-por-desvinculacion-laboral.pdf\">RES-273-Eximicion-por-desvinculacion-laboral<\/a><a href=\"https:\/\/cpsscba.org\/confluenciasvirtual\/wp-content\/uploads\/2024\/07\/RES-273-Eximicion-por-desvinculacion-laboral.pdf\" class=\"wp-block-file__button wp-element-button\" download aria-describedby=\"wp-block-file--media-abdca079-e293-4dbe-8b44-3dade8988220\">Descarga<\/a><\/div>\n\n\n\n<div data-wp-interactive=\"\" class=\"wp-block-file\"><object data-wp-bind--hidden=\"!selectors.core.file.hasPdfPreview\" hidden class=\"wp-block-file__embed\" data=\"https:\/\/cpsscba.org\/confluenciasvirtual\/wp-content\/uploads\/2024\/07\/Reglam-y-DD-JJ-Resolucion-Eximicion.pdf\" type=\"application\/pdf\" style=\"width:100%;height:600px\" aria-label=\"Incrustado de Reglam-y-DD-JJ-Resolucion-Eximicion.\"><\/object><a id=\"wp-block-file--media-daceb582-9e36-49b1-ae90-3e308aa61b3a\" href=\"https:\/\/cpsscba.org\/confluenciasvirtual\/wp-content\/uploads\/2024\/07\/Reglam-y-DD-JJ-Resolucion-Eximicion.pdf\">Reglam-y-DD-JJ-Resolucion-Eximicion<\/a><a href=\"https:\/\/cpsscba.org\/confluenciasvirtual\/wp-content\/uploads\/2024\/07\/Reglam-y-DD-JJ-Resolucion-Eximicion.pdf\" class=\"wp-block-file__button wp-element-button\" download aria-describedby=\"wp-block-file--media-daceb582-9e36-49b1-ae90-3e308aa61b3a\">Descarga<\/a><\/div>\n","protected":false},"excerpt":{"rendered":"<p>El Colegio de Profesionales en Servicio Social de la Provincia de C\u00f3rdoba (CPSSPC) ha resuelto eximir del pago de la<\/p>\n","protected":false},"author":1,"featured_media":10540,"comment_status":"open","ping_status":"open","sticky":false,"template":"","format":"standard","meta":{"footnotes":""},"categories":[32,14],"tags":[],"_links":{"self":[{"href":"https:\/\/cpsscba.org\/confluenciasvirtual\/index.php?rest_route=\/wp\/v2\/posts\/10535"}],"collection":[{"href":"https:\/\/cpsscba.org\/confluenciasvirtual\/index.php?rest_route=\/wp\/v2\/posts"}],"about":[{"href":"https:\/\/cpsscba.org\/confluenciasvirtual\/index.php?rest_route=\/wp\/v2\/types\/post"}],"author":[{"embeddable":true,"href":"https:\/\/cpsscba.org\/confluenciasvirtual\/index.php?rest_route=\/wp\/v2\/users\/1"}],"replies":[{"embeddable":true,"href":"https:\/\/cpsscba.org\/confluenciasvirtual\/index.php?rest_route=%2Fwp%2Fv2%2Fcomments&post=10535"}],"version-history":[{"count":2,"href":"https:\/\/cpsscba.org\/confluenciasvirtual\/index.php?rest_route=\/wp\/v2\/posts\/10535\/revisions"}],"predecessor-version":[{"id":10539,"href":"https:\/\/cpsscba.org\/confluenciasvirtual\/index.php?rest_route=\/wp\/v2\/posts\/10535\/revisions\/10539"}],"wp:featuredmedia":[{"embeddable":true,"href":"https:\/\/cpsscba.org\/confluenciasvirtual\/index.php?rest_route=\/wp\/v2\/media\/10540"}],"wp:attachment":[{"href":"https:\/\/cpsscba.org\/confluenciasvirtual\/index.php?rest_route=%2Fwp%2Fv2%2Fmedia&parent=10535"}],"wp:term":[{"taxonomy":"category","embeddable":true,"href":"https:\/\/cpsscba.org\/confluenciasvirtual\/index.php?rest_route=%2Fwp%2Fv2%2Fcategories&post=10535"},{"taxonomy":"post_tag","embeddable":true,"href":"https:\/\/cpsscba.org\/confluenciasvirtual\/index.php?rest_route=%2Fwp%2Fv2%2Ftags&post=10535"}],"curies":[{"name":"wp","href":"https:\/\/api.w.org\/{rel}","templated":true}]}}