{"id":10167,"date":"2024-03-05T16:00:50","date_gmt":"2024-03-05T19:00:50","guid":{"rendered":"https:\/\/cpsscba.org\/confluenciasvirtual\/?p=10167"},"modified":"2024-08-27T21:27:10","modified_gmt":"2024-08-28T00:27:10","slug":"nota-dirigida-al-comite-de-la-convencion-de-los-derechos-de-las-personas-con-discapacidad-de-las-naciones-unidas-cdpcd","status":"publish","type":"post","link":"https:\/\/cpsscba.org\/confluenciasvirtual\/?p=10167","title":{"rendered":"Nota dirigida al Comit\u00e9 de la Convenci\u00f3n de los Derechos de las Personas con Discapacidad de las Naciones Unidas (CDPCD)"},"content":{"rendered":"\n<p><strong>Nota dirigida al Comit\u00e9 de la Convenci\u00f3n de los Derechos de las Personas con Discapacidad de Naciones Unidas, donde se expone la situaci\u00f3n actual de las personas con discapacidad en Argentina y se solicita la intervenci\u00f3n del Comit\u00e9.<\/strong><\/p>\n\n\n\n<p>Documento env\u00edado al Comit\u00e9 encargado de supervisar la implementaci\u00f3n de la Convenci\u00f3n de los Derechos de las Personas con Discapacidad de las Naciones Unidas. En este caso, la nota contiene informaci\u00f3n relevante sobre la situaci\u00f3n de las personas con discapacidad en Argentina y solicita la intervenci\u00f3n del Comit\u00e9 para abordar posibles violaciones de los derechos de las personas con discapacidad en este contexto espec\u00edfico. <\/p>\n\n\n\n<p>La finalidad de esta nota es informar al Comit\u00e9 sobre las preocupaciones y desaf\u00edos que enfrentan las personas con discapacidad en relaci\u00f3n con sus derechos y solicitar acciones correctivas o recomendaciones para mejorar su situaci\u00f3n.<\/p>\n\n\n\n<p><em>Las medidas que impactan a las personas con discapacidad en Argentina, seg\u00fan el documento proporcionado, incluyen:<\/em><\/p>\n\n\n\n<ul>\n<li>Derogaci\u00f3n del inciso g del art\u00edculo 5 de la ley 26.682, que afect\u00f3 el acceso a la salud y al Sistema de prestaciones b\u00e1sicas de los beneficiarios con discapacidad al provocar aumentos exponenciales en las cuotas mensuales de las empresas de medicina prepaga.<\/li>\n\n\n\n<li>Autorizaci\u00f3n de aumentos limitados en el Sistema de Prestaciones B\u00e1sicas de las Personas con Discapacidad, lo que pone en peligro la continuidad de los servicios, especialmente en el transporte, debido a los aumentos en los combustibles.<\/li>\n\n\n\n<li>Modificaciones regresivas a la Ley de Salud Mental a trav\u00e9s del proyecto de ley denominado Ley Omnibus, que podr\u00eda afectar los derechos de las personas con discapacidad.<\/li>\n\n\n\n<li>Despidos de trabajadores de la Agencia Nacional de Discapacidad, incluyendo personas con discapacidad, lo que podr\u00eda implicar un vaciamiento de pol\u00edticas p\u00fablicas para este colectivo.<\/li>\n\n\n\n<li>Uso del rostro de una persona con s\u00edndrome de Down como burla a un gobernador, lo que evidencia falta de respeto hacia las personas con discapacidad.<\/li>\n\n\n\n<li>Discriminaci\u00f3n por motivo de discapacidad en medidas gubernamentales, como la quita del subsidio al transporte p\u00fablico, afectando el acceso gratuito al transporte de las personas con discapacidad.<\/li>\n<\/ul>\n\n\n\n<p>Estas medidas han generado preocupaci\u00f3n en relaci\u00f3n con el respeto de los derechos de las personas con discapacidad en Argentina.<\/p>\n\n\n\n<div data-wp-interactive=\"\" class=\"wp-block-file\"><object data-wp-bind--hidden=\"!selectors.core.file.hasPdfPreview\" hidden class=\"wp-block-file__embed\" data=\"https:\/\/cpsscba.org\/confluenciasvirtual\/wp-content\/uploads\/2024\/03\/Nota-a-Comite-ONU-3-1-pdf.pdf\" type=\"application\/pdf\" style=\"width:100%;height:600px\" aria-label=\"Incrustado de Nota-a-Comite-ONU-3-1-pdf.\"><\/object><a id=\"wp-block-file--media-ad419796-a2ba-4a5c-8256-fd6389c64700\" href=\"https:\/\/cpsscba.org\/confluenciasvirtual\/wp-content\/uploads\/2024\/03\/Nota-a-Comite-ONU-3-1-pdf.pdf\">Nota-a-Comite-ONU-3-1-pdf<\/a><a href=\"https:\/\/cpsscba.org\/confluenciasvirtual\/wp-content\/uploads\/2024\/03\/Nota-a-Comite-ONU-3-1-pdf.pdf\" class=\"wp-block-file__button wp-element-button\" download aria-describedby=\"wp-block-file--media-ad419796-a2ba-4a5c-8256-fd6389c64700\">Descarga<\/a><\/div>\n\n\n\n<p>DerechosHumanos #PersonasConDiscapacidad #ONU<\/p>\n\n\n\n<p><\/p>\n","protected":false},"excerpt":{"rendered":"<p>Nota dirigida al Comit\u00e9 de la Convenci\u00f3n de los Derechos de las Personas con Discapacidad de Naciones Unidas, donde se<\/p>\n","protected":false},"author":1,"featured_media":10173,"comment_status":"open","ping_status":"open","sticky":false,"template":"","format":"standard","meta":{"footnotes":""},"categories":[13],"tags":[],"_links":{"self":[{"href":"https:\/\/cpsscba.org\/confluenciasvirtual\/index.php?rest_route=\/wp\/v2\/posts\/10167"}],"collection":[{"href":"https:\/\/cpsscba.org\/confluenciasvirtual\/index.php?rest_route=\/wp\/v2\/posts"}],"about":[{"href":"https:\/\/cpsscba.org\/confluenciasvirtual\/index.php?rest_route=\/wp\/v2\/types\/post"}],"author":[{"embeddable":true,"href":"https:\/\/cpsscba.org\/confluenciasvirtual\/index.php?rest_route=\/wp\/v2\/users\/1"}],"replies":[{"embeddable":true,"href":"https:\/\/cpsscba.org\/confluenciasvirtual\/index.php?rest_route=%2Fwp%2Fv2%2Fcomments&post=10167"}],"version-history":[{"count":2,"href":"https:\/\/cpsscba.org\/confluenciasvirtual\/index.php?rest_route=\/wp\/v2\/posts\/10167\/revisions"}],"predecessor-version":[{"id":10171,"href":"https:\/\/cpsscba.org\/confluenciasvirtual\/index.php?rest_route=\/wp\/v2\/posts\/10167\/revisions\/10171"}],"wp:featuredmedia":[{"embeddable":true,"href":"https:\/\/cpsscba.org\/confluenciasvirtual\/index.php?rest_route=\/wp\/v2\/media\/10173"}],"wp:attachment":[{"href":"https:\/\/cpsscba.org\/confluenciasvirtual\/index.php?rest_route=%2Fwp%2Fv2%2Fmedia&parent=10167"}],"wp:term":[{"taxonomy":"category","embeddable":true,"href":"https:\/\/cpsscba.org\/confluenciasvirtual\/index.php?rest_route=%2Fwp%2Fv2%2Fcategories&post=10167"},{"taxonomy":"post_tag","embeddable":true,"href":"https:\/\/cpsscba.org\/confluenciasvirtual\/index.php?rest_route=%2Fwp%2Fv2%2Ftags&post=10167"}],"curies":[{"name":"wp","href":"https:\/\/api.w.org\/{rel}","templated":true}]}}