{"id":10160,"date":"2024-03-05T16:00:00","date_gmt":"2024-03-05T19:00:00","guid":{"rendered":"https:\/\/cpsscba.org\/confluenciasvirtual\/?p=10160"},"modified":"2024-08-27T21:27:17","modified_gmt":"2024-08-28T00:27:17","slug":"junta-electoral-acta-no-05-2024","status":"publish","type":"post","link":"https:\/\/cpsscba.org\/confluenciasvirtual\/?p=10160","title":{"rendered":"JUNTA ELECTORAL \/ ACTA N\u00ba 05\/2024"},"content":{"rendered":"\n<p>En la ciudad de C\u00f3rdoba, a los 04 (cuatro) d\u00edas del mes de Marzo de 2024 siendo las 17:00 horas, se constituye la Junta Electoral designada por Asamblea Extraordinaria de colegiades del Colegio de Profesionales en Servicio Social de la Provincia de C\u00f3rdoba de fecha 05\/10\/2023 que contribuya a cumplir con lo estipulado en el cronograma electoral presentado para la renovaci\u00f3n de autoridades del Consejo Directivo, \u00d3rgano Revisor de Cuentas y Tribunal de Disciplina y representantes de las delegaciones San Francisco, R\u00edo Cuarto y Villa Mar\u00eda. Conforme al Reglamento de la Ley 7341 y Ley 7342, Cap\u00edtulo V.&nbsp;<\/p>\n\n\n\n<p><strong>VISTO\u00a0<\/strong><\/p>\n\n\n\n<p>El cronograma establecido y publicado en ACTA 2\/2023 &#8211; Anexo I conforme a las normativas vigentes, donde se establece que el 01\/03\/2024 era la fecha prevista para la oficializaci\u00f3n de listas y reconocimiento de agrupaciones.&nbsp;<\/p>\n\n\n\n<p><strong>CONSIDERANDO\u00a0<\/strong><\/p>\n\n\n\n<ul>\n<li>Que no fueron presentadas listas para postularse a Consejo Directivo, \u00d3rgano Revisor de Cuentas y Tribunal de Disciplina, as\u00ed como no se receptaron listas para representantes de las delegaciones San Francisco, R\u00edo Cuarto y Villa Mar\u00eda.\u00a0<\/li>\n<\/ul>\n\n\n\n<ul>\n<li>Que no se puede dar cumplimiento al Cronograma seg\u00fan lo establecido.\u00a0<\/li>\n<\/ul>\n\n\n\n<p>La Junta electoral del Colegio de Profesionales en Servicio Social de la Provincia de C\u00f3rdoba, <strong>R E S U E LV E: <\/strong><\/p>\n\n\n\n<p><strong>1) Suspender el cronograma electoral publicado correspondientemente.\u00a0<\/strong><\/p>\n\n\n\n<p><strong>2) Modificar las fechas previstas en dicho cronograma, informando al respecto a la brevedad.&nbsp;<\/strong><\/p>\n\n\n\n<p>No habiendo otro tema que tratar se levanta la sesi\u00f3n de la Junta Electoral a las 19:00 horas del d\u00eda de la fecha, firmando un solo ejemplar, quedando reservado en el libro de Actas respectivo, realiz\u00e1ndose la publicaci\u00f3n por los medios comunicacionales correspondientes del \u00c1rea de Prensa y Difusi\u00f3n del Colegio de Profesionales en Servicio Social de la Provincia de C\u00f3rdoba.<\/p>\n\n\n\n<figure class=\"wp-block-table aligncenter\"><table><tbody><tr><td class=\"has-text-align-center\" data-align=\"center\"><strong>VOCAL<\/strong><\/td><td class=\"has-text-align-center\" data-align=\"center\"><strong>VOCAL<\/strong><\/td><\/tr><tr><td class=\"has-text-align-center\" data-align=\"center\">DOLORES VERON<br>(MP; 521)<\/td><td class=\"has-text-align-center\" data-align=\"center\">ALICIA DE LAS MERCEDES LENCINA<br>(MP:147)<\/td><\/tr><tr><td class=\"has-text-align-center\" data-align=\"center\"><strong>SECRETARIA<\/strong><\/td><td class=\"has-text-align-center\" data-align=\"center\"><strong>PRESIDENTA<\/strong><\/td><\/tr><tr><td class=\"has-text-align-center\" data-align=\"center\">MARGARITA DE LAS MERCEDES ACOSTA<br>(MP: 1156)<\/td><td class=\"has-text-align-center\" data-align=\"center\">MARIA DOLORES PEDRAZA<br>(MP; 2408)<\/td><\/tr><\/tbody><\/table><\/figure>\n","protected":false},"excerpt":{"rendered":"<p>En la ciudad de C\u00f3rdoba, a los 04 (cuatro) d\u00edas del mes de Marzo de 2024 siendo las 17:00 horas,<\/p>\n","protected":false},"author":1,"featured_media":10181,"comment_status":"open","ping_status":"open","sticky":false,"template":"","format":"standard","meta":{"footnotes":""},"categories":[170,14,15],"tags":[],"_links":{"self":[{"href":"https:\/\/cpsscba.org\/confluenciasvirtual\/index.php?rest_route=\/wp\/v2\/posts\/10160"}],"collection":[{"href":"https:\/\/cpsscba.org\/confluenciasvirtual\/index.php?rest_route=\/wp\/v2\/posts"}],"about":[{"href":"https:\/\/cpsscba.org\/confluenciasvirtual\/index.php?rest_route=\/wp\/v2\/types\/post"}],"author":[{"embeddable":true,"href":"https:\/\/cpsscba.org\/confluenciasvirtual\/index.php?rest_route=\/wp\/v2\/users\/1"}],"replies":[{"embeddable":true,"href":"https:\/\/cpsscba.org\/confluenciasvirtual\/index.php?rest_route=%2Fwp%2Fv2%2Fcomments&post=10160"}],"version-history":[{"count":4,"href":"https:\/\/cpsscba.org\/confluenciasvirtual\/index.php?rest_route=\/wp\/v2\/posts\/10160\/revisions"}],"predecessor-version":[{"id":10165,"href":"https:\/\/cpsscba.org\/confluenciasvirtual\/index.php?rest_route=\/wp\/v2\/posts\/10160\/revisions\/10165"}],"wp:featuredmedia":[{"embeddable":true,"href":"https:\/\/cpsscba.org\/confluenciasvirtual\/index.php?rest_route=\/wp\/v2\/media\/10181"}],"wp:attachment":[{"href":"https:\/\/cpsscba.org\/confluenciasvirtual\/index.php?rest_route=%2Fwp%2Fv2%2Fmedia&parent=10160"}],"wp:term":[{"taxonomy":"category","embeddable":true,"href":"https:\/\/cpsscba.org\/confluenciasvirtual\/index.php?rest_route=%2Fwp%2Fv2%2Fcategories&post=10160"},{"taxonomy":"post_tag","embeddable":true,"href":"https:\/\/cpsscba.org\/confluenciasvirtual\/index.php?rest_route=%2Fwp%2Fv2%2Ftags&post=10160"}],"curies":[{"name":"wp","href":"https:\/\/api.w.org\/{rel}","templated":true}]}}